{"id":20795,"date":"2025-07-26T13:02:12","date_gmt":"2025-07-26T11:02:12","guid":{"rendered":"https:\/\/wgphoto.pl\/t\/?p=20795"},"modified":"2025-07-26T13:02:12","modified_gmt":"2025-07-26T11:02:12","slug":"pod-gorke-2","status":"publish","type":"post","link":"https:\/\/wgphoto.pl\/t\/?p=20795","title":{"rendered":"Pod g\u00f3rk\u0119"},"content":{"rendered":"\n<figure class=\"wp-block-image aligncenter size-full\"><img loading=\"lazy\" decoding=\"async\" width=\"1300\" height=\"861\" src=\"https:\/\/wgphoto.pl\/t\/wp-content\/uploads\/2025\/07\/IMGP8865-1.jpg\" alt=\"\" class=\"wp-image-20796\" srcset=\"https:\/\/wgphoto.pl\/t\/wp-content\/uploads\/2025\/07\/IMGP8865-1.jpg 1300w, https:\/\/wgphoto.pl\/t\/wp-content\/uploads\/2025\/07\/IMGP8865-1-300x199.jpg 300w, https:\/\/wgphoto.pl\/t\/wp-content\/uploads\/2025\/07\/IMGP8865-1-768x509.jpg 768w\" sizes=\"auto, (max-width: 1300px) 100vw, 1300px\" \/><\/figure>\n\n\n\n<div class=\"wp-block-group has-global-padding is-layout-constrained wp-block-group-is-layout-constrained\">\n<p>CAF Urbos nr 311 wspina si\u0119 na wiadukt nad dworcem g\u0142\u00f3wnym we Fryburgu Bryzgowijskim. Hiszpa\u0144skie tramwaje w Niemczech s\u0105 sporym zaskoczeniem, mo\u017cna je zreszt\u0105 spotka\u0107 tylko tutaj. W latach 2015-2017 nieoczekiwanie zakupiono 12 wagon\u00f3w, kt\u00f3re najwidoczniej przypad\u0142y Niemcom do gustu, bo widz\u0119, \u017ce w kolejnych latach pojawi\u0142o si\u0119 jeszcze kilkana\u015bcie sztuk, a dostawy wci\u0105\u017c trwaj\u0105. 28.03.2018<\/p>\n<\/div>\n","protected":false},"excerpt":{"rendered":"<p>CAF Urbos nr 311 wspina si\u0119 na wiadukt nad dworcem g\u0142\u00f3wnym we Fryburgu Bryzgowijskim. Hiszpa\u0144skie tramwaje w Niemczech s\u0105 sporym zaskoczeniem, mo\u017cna je zreszt\u0105 spotka\u0107 tylko tutaj. W latach 2015-2017 nieoczekiwanie zakupiono 12 wagon\u00f3w, kt\u00f3re najwidoczniej przypad\u0142y Niemcom do gustu, bo widz\u0119, \u017ce w kolejnych latach pojawi\u0142o si\u0119 jeszcze kilkana\u015bcie sztuk, a dostawy wci\u0105\u017c trwaj\u0105. [&hellip;]<\/p>\n","protected":false},"author":1,"featured_media":20796,"comment_status":"open","ping_status":"","sticky":false,"template":"","format":"standard","meta":{"footnotes":""},"categories":[156,3],"tags":[1159,157,13,1157,23,118,183,1158],"class_list":["post-20795","post","type-post","status-publish","format-standard","has-post-thumbnail","hentry","category-rok-2018","category-tramwaj","tag-2018-03-28","tag-caf-urbos","tag-deszcz","tag-fryburg-bryzgowijski","tag-niemcy","tag-plany-i-profile","tag-suissetrip-2018","tag-vag-freiburg-im-breisgau"],"_links":{"self":[{"href":"https:\/\/wgphoto.pl\/t\/index.php?rest_route=\/wp\/v2\/posts\/20795","targetHints":{"allow":["GET"]}}],"collection":[{"href":"https:\/\/wgphoto.pl\/t\/index.php?rest_route=\/wp\/v2\/posts"}],"about":[{"href":"https:\/\/wgphoto.pl\/t\/index.php?rest_route=\/wp\/v2\/types\/post"}],"author":[{"embeddable":true,"href":"https:\/\/wgphoto.pl\/t\/index.php?rest_route=\/wp\/v2\/users\/1"}],"replies":[{"embeddable":true,"href":"https:\/\/wgphoto.pl\/t\/index.php?rest_route=%2Fwp%2Fv2%2Fcomments&post=20795"}],"version-history":[{"count":1,"href":"https:\/\/wgphoto.pl\/t\/index.php?rest_route=\/wp\/v2\/posts\/20795\/revisions"}],"predecessor-version":[{"id":20797,"href":"https:\/\/wgphoto.pl\/t\/index.php?rest_route=\/wp\/v2\/posts\/20795\/revisions\/20797"}],"wp:featuredmedia":[{"embeddable":true,"href":"https:\/\/wgphoto.pl\/t\/index.php?rest_route=\/wp\/v2\/media\/20796"}],"wp:attachment":[{"href":"https:\/\/wgphoto.pl\/t\/index.php?rest_route=%2Fwp%2Fv2%2Fmedia&parent=20795"}],"wp:term":[{"taxonomy":"category","embeddable":true,"href":"https:\/\/wgphoto.pl\/t\/index.php?rest_route=%2Fwp%2Fv2%2Fcategories&post=20795"},{"taxonomy":"post_tag","embeddable":true,"href":"https:\/\/wgphoto.pl\/t\/index.php?rest_route=%2Fwp%2Fv2%2Ftags&post=20795"}],"curies":[{"name":"wp","href":"https:\/\/api.w.org\/{rel}","templated":true}]}}