{"id":20798,"date":"2025-07-26T13:03:04","date_gmt":"2025-07-26T11:03:04","guid":{"rendered":"https:\/\/wgphoto.pl\/t\/?p=20798"},"modified":"2025-07-26T13:03:04","modified_gmt":"2025-07-26T11:03:04","slug":"wnetrze-trambesos","status":"publish","type":"post","link":"https:\/\/wgphoto.pl\/t\/?p=20798","title":{"rendered":"Wn\u0119trze Trambes\u00f2s"},"content":{"rendered":"\n<figure class=\"wp-block-image aligncenter size-full\"><img loading=\"lazy\" decoding=\"async\" width=\"1300\" height=\"870\" src=\"https:\/\/wgphoto.pl\/t\/wp-content\/uploads\/2025\/07\/IMGP0808.jpg\" alt=\"\" class=\"wp-image-20799\" srcset=\"https:\/\/wgphoto.pl\/t\/wp-content\/uploads\/2025\/07\/IMGP0808.jpg 1300w, https:\/\/wgphoto.pl\/t\/wp-content\/uploads\/2025\/07\/IMGP0808-300x201.jpg 300w, https:\/\/wgphoto.pl\/t\/wp-content\/uploads\/2025\/07\/IMGP0808-768x514.jpg 768w\" sizes=\"auto, (max-width: 1300px) 100vw, 1300px\" \/><\/figure>\n\n\n\n<div class=\"wp-block-group has-global-padding is-layout-constrained wp-block-group-is-layout-constrained\">\n<p>Kolejne typowe wn\u0119trze Alstoma, z poddupnikami w miejscu uchwyt\u00f3w dla rower\u00f3w oraz rozk\u0142adanymi siedzeniami (z funkcj\u0105 podparcia l\u0119d\u017awiowego) przy przegubach. 02.12.2012<\/p>\n<\/div>\n","protected":false},"excerpt":{"rendered":"<p>Kolejne typowe wn\u0119trze Alstoma, z poddupnikami w miejscu uchwyt\u00f3w dla rower\u00f3w oraz rozk\u0142adanymi siedzeniami (z funkcj\u0105 podparcia l\u0119d\u017awiowego) przy przegubach. 02.12.2012<\/p>\n","protected":false},"author":1,"featured_media":20799,"comment_status":"open","ping_status":"","sticky":false,"template":"","format":"standard","meta":{"footnotes":""},"categories":[220,46,3],"tags":[3295,170,1086,159,1084,454],"class_list":["post-20798","post","type-post","status-publish","format-standard","has-post-thumbnail","hentry","category-blo","category-rok-2012","category-tramwaj","tag-2012-12-02","tag-alstom-citadis302","tag-barcelona","tag-hiszpania","tag-trambesos","tag-wnetrza-pojazdow"],"_links":{"self":[{"href":"https:\/\/wgphoto.pl\/t\/index.php?rest_route=\/wp\/v2\/posts\/20798","targetHints":{"allow":["GET"]}}],"collection":[{"href":"https:\/\/wgphoto.pl\/t\/index.php?rest_route=\/wp\/v2\/posts"}],"about":[{"href":"https:\/\/wgphoto.pl\/t\/index.php?rest_route=\/wp\/v2\/types\/post"}],"author":[{"embeddable":true,"href":"https:\/\/wgphoto.pl\/t\/index.php?rest_route=\/wp\/v2\/users\/1"}],"replies":[{"embeddable":true,"href":"https:\/\/wgphoto.pl\/t\/index.php?rest_route=%2Fwp%2Fv2%2Fcomments&post=20798"}],"version-history":[{"count":1,"href":"https:\/\/wgphoto.pl\/t\/index.php?rest_route=\/wp\/v2\/posts\/20798\/revisions"}],"predecessor-version":[{"id":20800,"href":"https:\/\/wgphoto.pl\/t\/index.php?rest_route=\/wp\/v2\/posts\/20798\/revisions\/20800"}],"wp:featuredmedia":[{"embeddable":true,"href":"https:\/\/wgphoto.pl\/t\/index.php?rest_route=\/wp\/v2\/media\/20799"}],"wp:attachment":[{"href":"https:\/\/wgphoto.pl\/t\/index.php?rest_route=%2Fwp%2Fv2%2Fmedia&parent=20798"}],"wp:term":[{"taxonomy":"category","embeddable":true,"href":"https:\/\/wgphoto.pl\/t\/index.php?rest_route=%2Fwp%2Fv2%2Fcategories&post=20798"},{"taxonomy":"post_tag","embeddable":true,"href":"https:\/\/wgphoto.pl\/t\/index.php?rest_route=%2Fwp%2Fv2%2Ftags&post=20798"}],"curies":[{"name":"wp","href":"https:\/\/api.w.org\/{rel}","templated":true}]}}