{"id":20810,"date":"2025-07-26T13:06:37","date_gmt":"2025-07-26T11:06:37","guid":{"rendered":"https:\/\/wgphoto.pl\/t\/?p=20810"},"modified":"2025-07-26T13:06:37","modified_gmt":"2025-07-26T11:06:37","slug":"rakovnik","status":"publish","type":"post","link":"https:\/\/wgphoto.pl\/t\/?p=20810","title":{"rendered":"Rakovn\u00edk"},"content":{"rendered":"\n<figure class=\"wp-block-image aligncenter size-full\"><img loading=\"lazy\" decoding=\"async\" width=\"1300\" height=\"861\" src=\"https:\/\/wgphoto.pl\/t\/wp-content\/uploads\/2025\/07\/IMGP3265-1.jpg\" alt=\"\" class=\"wp-image-20811\" srcset=\"https:\/\/wgphoto.pl\/t\/wp-content\/uploads\/2025\/07\/IMGP3265-1.jpg 1300w, https:\/\/wgphoto.pl\/t\/wp-content\/uploads\/2025\/07\/IMGP3265-1-300x199.jpg 300w, https:\/\/wgphoto.pl\/t\/wp-content\/uploads\/2025\/07\/IMGP3265-1-768x509.jpg 768w\" sizes=\"auto, (max-width: 1300px) 100vw, 1300px\" \/><\/figure>\n\n\n\n<div class=\"wp-block-group has-global-padding is-layout-constrained wp-block-group-is-layout-constrained\">\n<p>750.707 i 814.142 w peronach stacji Rakovn\u00edk. Nurek pojedzie niebawem do Pragi, daj\u0105c mocy poci\u0105gowi pospiesznemu 1227 do Pragi Masarykova n\u00e1dra\u017e\u00ed, prowadzonemu z kabiny wagonu sterowniczego. 30.03.2014<\/p>\n<\/div>\n","protected":false},"excerpt":{"rendered":"<p>750.707 i 814.142 w peronach stacji Rakovn\u00edk. Nurek pojedzie niebawem do Pragi, daj\u0105c mocy poci\u0105gowi pospiesznemu 1227 do Pragi Masarykova n\u00e1dra\u017e\u00ed, prowadzonemu z kabiny wagonu sterowniczego. 30.03.2014<\/p>\n","protected":false},"author":1,"featured_media":20811,"comment_status":"open","ping_status":"","sticky":false,"template":"","format":"standard","meta":{"footnotes":""},"categories":[2,48],"tags":[2066,1467,211,50,49,173,24,4348,700],"class_list":["post-20810","post","type-post","status-publish","format-standard","has-post-thumbnail","hentry","category-kolej","category-rok-2014","tag-2014-03-30","tag-1467","tag-211","tag-cd","tag-czechy","tag-koncowki","tag-perony","tag-rakovnik","tag-tab-cz120"],"_links":{"self":[{"href":"https:\/\/wgphoto.pl\/t\/index.php?rest_route=\/wp\/v2\/posts\/20810","targetHints":{"allow":["GET"]}}],"collection":[{"href":"https:\/\/wgphoto.pl\/t\/index.php?rest_route=\/wp\/v2\/posts"}],"about":[{"href":"https:\/\/wgphoto.pl\/t\/index.php?rest_route=\/wp\/v2\/types\/post"}],"author":[{"embeddable":true,"href":"https:\/\/wgphoto.pl\/t\/index.php?rest_route=\/wp\/v2\/users\/1"}],"replies":[{"embeddable":true,"href":"https:\/\/wgphoto.pl\/t\/index.php?rest_route=%2Fwp%2Fv2%2Fcomments&post=20810"}],"version-history":[{"count":1,"href":"https:\/\/wgphoto.pl\/t\/index.php?rest_route=\/wp\/v2\/posts\/20810\/revisions"}],"predecessor-version":[{"id":20812,"href":"https:\/\/wgphoto.pl\/t\/index.php?rest_route=\/wp\/v2\/posts\/20810\/revisions\/20812"}],"wp:featuredmedia":[{"embeddable":true,"href":"https:\/\/wgphoto.pl\/t\/index.php?rest_route=\/wp\/v2\/media\/20811"}],"wp:attachment":[{"href":"https:\/\/wgphoto.pl\/t\/index.php?rest_route=%2Fwp%2Fv2%2Fmedia&parent=20810"}],"wp:term":[{"taxonomy":"category","embeddable":true,"href":"https:\/\/wgphoto.pl\/t\/index.php?rest_route=%2Fwp%2Fv2%2Fcategories&post=20810"},{"taxonomy":"post_tag","embeddable":true,"href":"https:\/\/wgphoto.pl\/t\/index.php?rest_route=%2Fwp%2Fv2%2Ftags&post=20810"}],"curies":[{"name":"wp","href":"https:\/\/api.w.org\/{rel}","templated":true}]}}