{"id":20816,"date":"2025-07-26T13:09:23","date_gmt":"2025-07-26T11:09:23","guid":{"rendered":"https:\/\/wgphoto.pl\/t\/?p=20816"},"modified":"2025-07-26T13:09:23","modified_gmt":"2025-07-26T11:09:23","slug":"gorne-mokropsy","status":"publish","type":"post","link":"https:\/\/wgphoto.pl\/t\/?p=20816","title":{"rendered":"G\u00f3rne Mokropsy"},"content":{"rendered":"\n<figure class=\"wp-block-image aligncenter size-full\"><img loading=\"lazy\" decoding=\"async\" width=\"1300\" height=\"861\" src=\"https:\/\/wgphoto.pl\/t\/wp-content\/uploads\/2025\/07\/IMGP3452.jpg\" alt=\"\" class=\"wp-image-20817\" srcset=\"https:\/\/wgphoto.pl\/t\/wp-content\/uploads\/2025\/07\/IMGP3452.jpg 1300w, https:\/\/wgphoto.pl\/t\/wp-content\/uploads\/2025\/07\/IMGP3452-300x199.jpg 300w, https:\/\/wgphoto.pl\/t\/wp-content\/uploads\/2025\/07\/IMGP3452-768x509.jpg 768w\" sizes=\"auto, (max-width: 1300px) 100vw, 1300px\" \/><\/figure>\n\n\n\n<div class=\"wp-block-group has-global-padding is-layout-constrained wp-block-group-is-layout-constrained\">\n<p>Nieznana z numer\u00f3w jednostka serii 471 jako podmiejski osobowy z Pragi (lub przez Prag\u0119) do Berouna min\u0105\u0142 w\u0142a\u015bnie posterunek odst\u0119powy Horn\u00ed Mokropsy. Kadr uzupe\u0142nia ko\u015bci\u00f3\u0142 pw. \u015aw. Wac\u0142awa we V\u0161enorach &#8211; na przystanku o takiej nazwie za chwil\u0119 zatrzyma si\u0119 poci\u0105g. 31.03.2014<\/p>\n<\/div>\n","protected":false},"excerpt":{"rendered":"<p>Nieznana z numer\u00f3w jednostka serii 471 jako podmiejski osobowy z Pragi (lub przez Prag\u0119) do Berouna min\u0105\u0142 w\u0142a\u015bnie posterunek odst\u0119powy Horn\u00ed Mokropsy. Kadr uzupe\u0142nia ko\u015bci\u00f3\u0142 pw. \u015aw. Wac\u0142awa we V\u0161enorach &#8211; na przystanku o takiej nazwie za chwil\u0119 zatrzyma si\u0119 poci\u0105g. 31.03.2014<\/p>\n","protected":false},"author":1,"featured_media":20817,"comment_status":"open","ping_status":"","sticky":false,"template":"","format":"standard","meta":{"footnotes":""},"categories":[2,48],"tags":[54,351,50,2888,49,113,2887,2886],"class_list":["post-20816","post","type-post","status-publish","format-standard","has-post-thumbnail","hentry","category-kolej","category-rok-2014","tag-2014-03-31","tag-351","tag-cd","tag-cernosice-mokropsy","tag-czechy","tag-landszaft","tag-tab-cz171","tag-vsenory"],"_links":{"self":[{"href":"https:\/\/wgphoto.pl\/t\/index.php?rest_route=\/wp\/v2\/posts\/20816","targetHints":{"allow":["GET"]}}],"collection":[{"href":"https:\/\/wgphoto.pl\/t\/index.php?rest_route=\/wp\/v2\/posts"}],"about":[{"href":"https:\/\/wgphoto.pl\/t\/index.php?rest_route=\/wp\/v2\/types\/post"}],"author":[{"embeddable":true,"href":"https:\/\/wgphoto.pl\/t\/index.php?rest_route=\/wp\/v2\/users\/1"}],"replies":[{"embeddable":true,"href":"https:\/\/wgphoto.pl\/t\/index.php?rest_route=%2Fwp%2Fv2%2Fcomments&post=20816"}],"version-history":[{"count":1,"href":"https:\/\/wgphoto.pl\/t\/index.php?rest_route=\/wp\/v2\/posts\/20816\/revisions"}],"predecessor-version":[{"id":20818,"href":"https:\/\/wgphoto.pl\/t\/index.php?rest_route=\/wp\/v2\/posts\/20816\/revisions\/20818"}],"wp:featuredmedia":[{"embeddable":true,"href":"https:\/\/wgphoto.pl\/t\/index.php?rest_route=\/wp\/v2\/media\/20817"}],"wp:attachment":[{"href":"https:\/\/wgphoto.pl\/t\/index.php?rest_route=%2Fwp%2Fv2%2Fmedia&parent=20816"}],"wp:term":[{"taxonomy":"category","embeddable":true,"href":"https:\/\/wgphoto.pl\/t\/index.php?rest_route=%2Fwp%2Fv2%2Fcategories&post=20816"},{"taxonomy":"post_tag","embeddable":true,"href":"https:\/\/wgphoto.pl\/t\/index.php?rest_route=%2Fwp%2Fv2%2Ftags&post=20816"}],"curies":[{"name":"wp","href":"https:\/\/api.w.org\/{rel}","templated":true}]}}