{"id":20822,"date":"2025-07-27T11:33:58","date_gmt":"2025-07-27T09:33:58","guid":{"rendered":"https:\/\/wgphoto.pl\/t\/?p=20822"},"modified":"2025-07-27T11:33:58","modified_gmt":"2025-07-27T09:33:58","slug":"czerwony-stemmann","status":"publish","type":"post","link":"https:\/\/wgphoto.pl\/t\/?p=20822","title":{"rendered":"Czerwony Stemmann"},"content":{"rendered":"\n<figure class=\"wp-block-image aligncenter size-full\"><img loading=\"lazy\" decoding=\"async\" width=\"1300\" height=\"847\" src=\"https:\/\/wgphoto.pl\/t\/wp-content\/uploads\/2025\/07\/0307-26_rsn.jpg\" alt=\"\" class=\"wp-image-20823\" srcset=\"https:\/\/wgphoto.pl\/t\/wp-content\/uploads\/2025\/07\/0307-26_rsn.jpg 1300w, https:\/\/wgphoto.pl\/t\/wp-content\/uploads\/2025\/07\/0307-26_rsn-300x195.jpg 300w, https:\/\/wgphoto.pl\/t\/wp-content\/uploads\/2025\/07\/0307-26_rsn-768x500.jpg 768w\" sizes=\"auto, (max-width: 1300px) 100vw, 1300px\" \/><\/figure>\n\n\n\n<div class=\"wp-block-group has-global-padding is-layout-constrained wp-block-group-is-layout-constrained\">\n<p>105Na 2440+2339 skr\u0119ca z ul. Teatralnej w Skargi we Wroc\u0142awiu. Na dachu wagonu prowadz\u0105cego dumnie prezentuje si\u0119 po\u0142owkowy pantograf firmy Stemmann, zamontowany testowo. Pr\u00f3by si\u0119 najwidoczniej powiod\u0142y, poniewa\u017c takie odbieraki Protram par\u0119 miesi\u0119cy p\u00f3\u017aniej zacz\u0105\u0142 instalowa\u0107 seryjnie na &#8222;plastikowych&#8221; modernizacjach. 22.03.2003<\/p>\n<\/div>\n","protected":false},"excerpt":{"rendered":"<p>105Na 2440+2339 skr\u0119ca z ul. Teatralnej w Skargi we Wroc\u0142awiu. Na dachu wagonu prowadz\u0105cego dumnie prezentuje si\u0119 po\u0142owkowy pantograf firmy Stemmann, zamontowany testowo. Pr\u00f3by si\u0119 najwidoczniej powiod\u0142y, poniewa\u017c takie odbieraki Protram par\u0119 miesi\u0119cy p\u00f3\u017aniej zacz\u0105\u0142 instalowa\u0107 seryjnie na &#8222;plastikowych&#8221; modernizacjach. 22.03.2003<\/p>\n","protected":false},"author":1,"featured_media":20823,"comment_status":"open","ping_status":"","sticky":false,"template":"","format":"standard","meta":{"footnotes":""},"categories":[62,149,3],"tags":[155,4353,42,27,41],"class_list":["post-20822","post","type-post","status-publish","format-standard","has-post-thumbnail","hentry","category-analog","category-rok-2003","category-tramwaj","tag-105na","tag-2003-03-22","tag-mpk-wroclaw","tag-polska","tag-wroclaw"],"_links":{"self":[{"href":"https:\/\/wgphoto.pl\/t\/index.php?rest_route=\/wp\/v2\/posts\/20822","targetHints":{"allow":["GET"]}}],"collection":[{"href":"https:\/\/wgphoto.pl\/t\/index.php?rest_route=\/wp\/v2\/posts"}],"about":[{"href":"https:\/\/wgphoto.pl\/t\/index.php?rest_route=\/wp\/v2\/types\/post"}],"author":[{"embeddable":true,"href":"https:\/\/wgphoto.pl\/t\/index.php?rest_route=\/wp\/v2\/users\/1"}],"replies":[{"embeddable":true,"href":"https:\/\/wgphoto.pl\/t\/index.php?rest_route=%2Fwp%2Fv2%2Fcomments&post=20822"}],"version-history":[{"count":1,"href":"https:\/\/wgphoto.pl\/t\/index.php?rest_route=\/wp\/v2\/posts\/20822\/revisions"}],"predecessor-version":[{"id":20824,"href":"https:\/\/wgphoto.pl\/t\/index.php?rest_route=\/wp\/v2\/posts\/20822\/revisions\/20824"}],"wp:featuredmedia":[{"embeddable":true,"href":"https:\/\/wgphoto.pl\/t\/index.php?rest_route=\/wp\/v2\/media\/20823"}],"wp:attachment":[{"href":"https:\/\/wgphoto.pl\/t\/index.php?rest_route=%2Fwp%2Fv2%2Fmedia&parent=20822"}],"wp:term":[{"taxonomy":"category","embeddable":true,"href":"https:\/\/wgphoto.pl\/t\/index.php?rest_route=%2Fwp%2Fv2%2Fcategories&post=20822"},{"taxonomy":"post_tag","embeddable":true,"href":"https:\/\/wgphoto.pl\/t\/index.php?rest_route=%2Fwp%2Fv2%2Ftags&post=20822"}],"curies":[{"name":"wp","href":"https:\/\/api.w.org\/{rel}","templated":true}]}}