{"id":20828,"date":"2025-07-27T11:35:49","date_gmt":"2025-07-27T09:35:49","guid":{"rendered":"https:\/\/wgphoto.pl\/t\/?p=20828"},"modified":"2025-07-27T11:35:49","modified_gmt":"2025-07-27T09:35:49","slug":"barwy-miasta","status":"publish","type":"post","link":"https:\/\/wgphoto.pl\/t\/?p=20828","title":{"rendered":"Barwy miasta"},"content":{"rendered":"\n<figure class=\"wp-block-image aligncenter size-full\"><img loading=\"lazy\" decoding=\"async\" width=\"1300\" height=\"861\" src=\"https:\/\/wgphoto.pl\/t\/wp-content\/uploads\/2025\/07\/IMGP8664.jpg\" alt=\"\" class=\"wp-image-20829\" srcset=\"https:\/\/wgphoto.pl\/t\/wp-content\/uploads\/2025\/07\/IMGP8664.jpg 1300w, https:\/\/wgphoto.pl\/t\/wp-content\/uploads\/2025\/07\/IMGP8664-300x199.jpg 300w, https:\/\/wgphoto.pl\/t\/wp-content\/uploads\/2025\/07\/IMGP8664-768x509.jpg 768w\" sizes=\"auto, (max-width: 1300px) 100vw, 1300px\" \/><\/figure>\n\n\n\n<div class=\"wp-block-group has-global-padding is-layout-constrained wp-block-group-is-layout-constrained\">\n<p>Zurych, Limmatquai. Sk\u0142ad Be4\/6+Be2\/4 nr 2027+? mija zabytkow\u0105 kamienic\u0119, prezentuj\u0105c\u0105 podobne kolory do tramwaju &#8211; to w\u0142a\u015bnie s\u0105 barwy miejskie. 27.03.2018<\/p>\n<\/div>\n","protected":false},"excerpt":{"rendered":"<p>Zurych, Limmatquai. Sk\u0142ad Be4\/6+Be2\/4 nr 2027+? mija zabytkow\u0105 kamienic\u0119, prezentuj\u0105c\u0105 podobne kolory do tramwaju &#8211; to w\u0142a\u015bnie s\u0105 barwy miejskie. 27.03.2018<\/p>\n","protected":false},"author":1,"featured_media":20829,"comment_status":"open","ping_status":"","sticky":false,"template":"","format":"standard","meta":{"footnotes":""},"categories":[156,3],"tags":[545,34,1423,183,186,542,543],"class_list":["post-20828","post","type-post","status-publish","format-standard","has-post-thumbnail","hentry","category-rok-2018","category-tramwaj","tag-2018-03-27","tag-architektura","tag-schindler-be","tag-suissetrip-2018","tag-szwajcaria","tag-vbz-zurich","tag-zurych"],"_links":{"self":[{"href":"https:\/\/wgphoto.pl\/t\/index.php?rest_route=\/wp\/v2\/posts\/20828","targetHints":{"allow":["GET"]}}],"collection":[{"href":"https:\/\/wgphoto.pl\/t\/index.php?rest_route=\/wp\/v2\/posts"}],"about":[{"href":"https:\/\/wgphoto.pl\/t\/index.php?rest_route=\/wp\/v2\/types\/post"}],"author":[{"embeddable":true,"href":"https:\/\/wgphoto.pl\/t\/index.php?rest_route=\/wp\/v2\/users\/1"}],"replies":[{"embeddable":true,"href":"https:\/\/wgphoto.pl\/t\/index.php?rest_route=%2Fwp%2Fv2%2Fcomments&post=20828"}],"version-history":[{"count":1,"href":"https:\/\/wgphoto.pl\/t\/index.php?rest_route=\/wp\/v2\/posts\/20828\/revisions"}],"predecessor-version":[{"id":20830,"href":"https:\/\/wgphoto.pl\/t\/index.php?rest_route=\/wp\/v2\/posts\/20828\/revisions\/20830"}],"wp:featuredmedia":[{"embeddable":true,"href":"https:\/\/wgphoto.pl\/t\/index.php?rest_route=\/wp\/v2\/media\/20829"}],"wp:attachment":[{"href":"https:\/\/wgphoto.pl\/t\/index.php?rest_route=%2Fwp%2Fv2%2Fmedia&parent=20828"}],"wp:term":[{"taxonomy":"category","embeddable":true,"href":"https:\/\/wgphoto.pl\/t\/index.php?rest_route=%2Fwp%2Fv2%2Fcategories&post=20828"},{"taxonomy":"post_tag","embeddable":true,"href":"https:\/\/wgphoto.pl\/t\/index.php?rest_route=%2Fwp%2Fv2%2Ftags&post=20828"}],"curies":[{"name":"wp","href":"https:\/\/api.w.org\/{rel}","templated":true}]}}