{"id":20837,"date":"2025-07-27T11:38:32","date_gmt":"2025-07-27T09:38:32","guid":{"rendered":"https:\/\/wgphoto.pl\/t\/?p=20837"},"modified":"2025-07-27T11:38:32","modified_gmt":"2025-07-27T09:38:32","slug":"chroscina-nyska-19-lat-temu","status":"publish","type":"post","link":"https:\/\/wgphoto.pl\/t\/?p=20837","title":{"rendered":"Chr\u00f3\u015bcina Nyska 19 lat temu"},"content":{"rendered":"\n<figure class=\"wp-block-image aligncenter size-full\"><img loading=\"lazy\" decoding=\"async\" width=\"1300\" height=\"861\" src=\"https:\/\/wgphoto.pl\/t\/wp-content\/uploads\/2025\/07\/0506-05_rsn.jpg\" alt=\"\" class=\"wp-image-20838\" srcset=\"https:\/\/wgphoto.pl\/t\/wp-content\/uploads\/2025\/07\/0506-05_rsn.jpg 1300w, https:\/\/wgphoto.pl\/t\/wp-content\/uploads\/2025\/07\/0506-05_rsn-300x199.jpg 300w, https:\/\/wgphoto.pl\/t\/wp-content\/uploads\/2025\/07\/0506-05_rsn-768x509.jpg 768w\" sizes=\"auto, (max-width: 1300px) 100vw, 1300px\" \/><\/figure>\n\n\n\n<div class=\"wp-block-group has-global-padding is-layout-constrained wp-block-group-is-layout-constrained\">\n<p>SP42-191 z popo\u0142udniowym poci\u0105giem osobowym 66333 relacji Nysa &#8211; Brzeg zatrzymuje si\u0119 przy peronie nieczynnej stacji w Chr\u00f3\u015bcinie Nyskiej. 24.03.2005<\/p>\n<\/div>\n","protected":false},"excerpt":{"rendered":"<p>SP42-191 z popo\u0142udniowym poci\u0105giem osobowym 66333 relacji Nysa &#8211; Brzeg zatrzymuje si\u0119 przy peronie nieczynnej stacji w Chr\u00f3\u015bcinie Nyskiej. 24.03.2005<\/p>\n","protected":false},"author":1,"featured_media":20838,"comment_status":"open","ping_status":"","sticky":false,"template":"","format":"standard","meta":{"footnotes":""},"categories":[62,2,311],"tags":[315,710,63,27,316,706],"class_list":["post-20837","post","type-post","status-publish","format-standard","has-post-thumbnail","hentry","category-analog","category-kolej","category-rok-2005","tag-2005-03-24","tag-chroscina-nyska","tag-pkp","tag-polska","tag-sp42","tag-tab-pl246"],"_links":{"self":[{"href":"https:\/\/wgphoto.pl\/t\/index.php?rest_route=\/wp\/v2\/posts\/20837","targetHints":{"allow":["GET"]}}],"collection":[{"href":"https:\/\/wgphoto.pl\/t\/index.php?rest_route=\/wp\/v2\/posts"}],"about":[{"href":"https:\/\/wgphoto.pl\/t\/index.php?rest_route=\/wp\/v2\/types\/post"}],"author":[{"embeddable":true,"href":"https:\/\/wgphoto.pl\/t\/index.php?rest_route=\/wp\/v2\/users\/1"}],"replies":[{"embeddable":true,"href":"https:\/\/wgphoto.pl\/t\/index.php?rest_route=%2Fwp%2Fv2%2Fcomments&post=20837"}],"version-history":[{"count":1,"href":"https:\/\/wgphoto.pl\/t\/index.php?rest_route=\/wp\/v2\/posts\/20837\/revisions"}],"predecessor-version":[{"id":20839,"href":"https:\/\/wgphoto.pl\/t\/index.php?rest_route=\/wp\/v2\/posts\/20837\/revisions\/20839"}],"wp:featuredmedia":[{"embeddable":true,"href":"https:\/\/wgphoto.pl\/t\/index.php?rest_route=\/wp\/v2\/media\/20838"}],"wp:attachment":[{"href":"https:\/\/wgphoto.pl\/t\/index.php?rest_route=%2Fwp%2Fv2%2Fmedia&parent=20837"}],"wp:term":[{"taxonomy":"category","embeddable":true,"href":"https:\/\/wgphoto.pl\/t\/index.php?rest_route=%2Fwp%2Fv2%2Fcategories&post=20837"},{"taxonomy":"post_tag","embeddable":true,"href":"https:\/\/wgphoto.pl\/t\/index.php?rest_route=%2Fwp%2Fv2%2Ftags&post=20837"}],"curies":[{"name":"wp","href":"https:\/\/api.w.org\/{rel}","templated":true}]}}