{"id":2084,"date":"2024-10-07T18:01:16","date_gmt":"2024-10-07T16:01:16","guid":{"rendered":"https:\/\/wgphoto.pl\/t\/?p=2084"},"modified":"2024-10-07T18:01:16","modified_gmt":"2024-10-07T16:01:16","slug":"trambesos-nad-besos","status":"publish","type":"post","link":"https:\/\/wgphoto.pl\/t\/?p=2084","title":{"rendered":"Trambes\u00f2s nad Bes\u00f2s"},"content":{"rendered":"\n<figure class=\"wp-block-image aligncenter size-full\"><img loading=\"lazy\" decoding=\"async\" width=\"1200\" height=\"803\" src=\"https:\/\/wgphoto.pl\/t\/wp-content\/uploads\/2024\/10\/IMGP0955.jpg\" alt=\"\" class=\"wp-image-2085\" srcset=\"https:\/\/wgphoto.pl\/t\/wp-content\/uploads\/2024\/10\/IMGP0955.jpg 1200w, https:\/\/wgphoto.pl\/t\/wp-content\/uploads\/2024\/10\/IMGP0955-300x201.jpg 300w, https:\/\/wgphoto.pl\/t\/wp-content\/uploads\/2024\/10\/IMGP0955-768x514.jpg 768w\" sizes=\"auto, (max-width: 1200px) 100vw, 1200px\" \/><\/figure>\n\n\n\n<div class=\"wp-block-group has-global-padding is-layout-constrained wp-block-group-is-layout-constrained\">\n<p>Barcelona, Sant Adri\u00e0 de Bes\u00f2s, Av. d&#8217;Eduard Maristany. Tramwaj przys\u0142oni\u0119ty krat\u0105 mostu kolejowego przekracza rzek\u0119 Bes\u00f2s, od kt\u00f3rej nazw\u0119 wzi\u0119\u0142a miejscowa sie\u0107 tramwajowa. W tle widoczny jest fragment Morza \u015ar\u00f3dziemnego. Miejsc\u00f3wka bardzo fajna, ale raczej do oblecenia dronem. Pierwotnie foto uzna\u0142em za nieudane uznaj\u0105c \u017ce p\u00f3\u0142 tramwaju to za ma\u0142o, ale po latach kryteria si\u0119 rozlu\u017ani\u0142y. \ud83d\ude09 03.12.2012<\/p>\n<\/div>\n","protected":false},"excerpt":{"rendered":"<p>Barcelona, Sant Adri\u00e0 de Bes\u00f2s, Av. d&#8217;Eduard Maristany. Tramwaj przys\u0142oni\u0119ty krat\u0105 mostu kolejowego przekracza rzek\u0119 Bes\u00f2s, od kt\u00f3rej nazw\u0119 wzi\u0119\u0142a miejscowa sie\u0107 tramwajowa. W tle widoczny jest fragment Morza \u015ar\u00f3dziemnego. Miejsc\u00f3wka bardzo fajna, ale raczej do oblecenia dronem. Pierwotnie foto uzna\u0142em za nieudane uznaj\u0105c \u017ce p\u00f3\u0142 tramwaju to za ma\u0142o, ale po latach kryteria si\u0119 [&hellip;]<\/p>\n","protected":false},"author":1,"featured_media":2085,"comment_status":"open","ping_status":"","sticky":false,"template":"","format":"standard","meta":{"footnotes":""},"categories":[46,3],"tags":[1085,170,1086,159,116,45,1084],"class_list":["post-2084","post","type-post","status-publish","format-standard","has-post-thumbnail","hentry","category-rok-2012","category-tramwaj","tag-2012-12-03","tag-alstom-citadis302","tag-barcelona","tag-hiszpania","tag-morze","tag-most","tag-trambesos"],"_links":{"self":[{"href":"https:\/\/wgphoto.pl\/t\/index.php?rest_route=\/wp\/v2\/posts\/2084","targetHints":{"allow":["GET"]}}],"collection":[{"href":"https:\/\/wgphoto.pl\/t\/index.php?rest_route=\/wp\/v2\/posts"}],"about":[{"href":"https:\/\/wgphoto.pl\/t\/index.php?rest_route=\/wp\/v2\/types\/post"}],"author":[{"embeddable":true,"href":"https:\/\/wgphoto.pl\/t\/index.php?rest_route=\/wp\/v2\/users\/1"}],"replies":[{"embeddable":true,"href":"https:\/\/wgphoto.pl\/t\/index.php?rest_route=%2Fwp%2Fv2%2Fcomments&post=2084"}],"version-history":[{"count":1,"href":"https:\/\/wgphoto.pl\/t\/index.php?rest_route=\/wp\/v2\/posts\/2084\/revisions"}],"predecessor-version":[{"id":2086,"href":"https:\/\/wgphoto.pl\/t\/index.php?rest_route=\/wp\/v2\/posts\/2084\/revisions\/2086"}],"wp:featuredmedia":[{"embeddable":true,"href":"https:\/\/wgphoto.pl\/t\/index.php?rest_route=\/wp\/v2\/media\/2085"}],"wp:attachment":[{"href":"https:\/\/wgphoto.pl\/t\/index.php?rest_route=%2Fwp%2Fv2%2Fmedia&parent=2084"}],"wp:term":[{"taxonomy":"category","embeddable":true,"href":"https:\/\/wgphoto.pl\/t\/index.php?rest_route=%2Fwp%2Fv2%2Fcategories&post=2084"},{"taxonomy":"post_tag","embeddable":true,"href":"https:\/\/wgphoto.pl\/t\/index.php?rest_route=%2Fwp%2Fv2%2Ftags&post=2084"}],"curies":[{"name":"wp","href":"https:\/\/api.w.org\/{rel}","templated":true}]}}