{"id":20843,"date":"2025-07-27T11:40:13","date_gmt":"2025-07-27T09:40:13","guid":{"rendered":"https:\/\/wgphoto.pl\/t\/?p=20843"},"modified":"2025-07-27T11:40:13","modified_gmt":"2025-07-27T09:40:13","slug":"kolejowa-wizytowka-dabrowy-gorniczej","status":"publish","type":"post","link":"https:\/\/wgphoto.pl\/t\/?p=20843","title":{"rendered":"Kolejowa wizyt\u00f3wka D\u0105browy G\u00f3rniczej"},"content":{"rendered":"\n<figure class=\"wp-block-image aligncenter size-full\"><img loading=\"lazy\" decoding=\"async\" width=\"1200\" height=\"800\" src=\"https:\/\/wgphoto.pl\/t\/wp-content\/uploads\/2025\/07\/DSCF7382.jpg\" alt=\"\" class=\"wp-image-20844\" srcset=\"https:\/\/wgphoto.pl\/t\/wp-content\/uploads\/2025\/07\/DSCF7382.jpg 1200w, https:\/\/wgphoto.pl\/t\/wp-content\/uploads\/2025\/07\/DSCF7382-300x200.jpg 300w, https:\/\/wgphoto.pl\/t\/wp-content\/uploads\/2025\/07\/DSCF7382-768x512.jpg 768w\" sizes=\"auto, (max-width: 1200px) 100vw, 1200px\" \/><\/figure>\n\n\n\n<div class=\"wp-block-group has-global-padding is-layout-constrained wp-block-group-is-layout-constrained\">\n<p>EN57-1732 wraz z drug\u0105 jednostk\u0105 tej serii jako poci\u0105g osobowy, zapewne do Cz\u0119stochowy, podczas postoju obok zrujnowanego budynku dworca w D\u0105browie G\u00f3rniczej. W 2023 roku obiekt odzyska\u0142 dawny blask. 26.08.2008<\/p>\n<\/div>\n","protected":false},"excerpt":{"rendered":"<p>EN57-1732 wraz z drug\u0105 jednostk\u0105 tej serii jako poci\u0105g osobowy, zapewne do Cz\u0119stochowy, podczas postoju obok zrujnowanego budynku dworca w D\u0105browie G\u00f3rniczej. W 2023 roku obiekt odzyska\u0142 dawny blask. 26.08.2008<\/p>\n","protected":false},"author":1,"featured_media":20844,"comment_status":"open","ping_status":"","sticky":false,"template":"","format":"standard","meta":{"footnotes":""},"categories":[2,120],"tags":[280,1676,132,277,63,27,4356],"class_list":["post-20843","post","type-post","status-publish","format-standard","has-post-thumbnail","hentry","category-kolej","category-rok-2008","tag-2008-08-26","tag-dabrowa-gornicza","tag-en57","tag-gop","tag-pkp","tag-polska","tag-tab-pl102"],"_links":{"self":[{"href":"https:\/\/wgphoto.pl\/t\/index.php?rest_route=\/wp\/v2\/posts\/20843","targetHints":{"allow":["GET"]}}],"collection":[{"href":"https:\/\/wgphoto.pl\/t\/index.php?rest_route=\/wp\/v2\/posts"}],"about":[{"href":"https:\/\/wgphoto.pl\/t\/index.php?rest_route=\/wp\/v2\/types\/post"}],"author":[{"embeddable":true,"href":"https:\/\/wgphoto.pl\/t\/index.php?rest_route=\/wp\/v2\/users\/1"}],"replies":[{"embeddable":true,"href":"https:\/\/wgphoto.pl\/t\/index.php?rest_route=%2Fwp%2Fv2%2Fcomments&post=20843"}],"version-history":[{"count":1,"href":"https:\/\/wgphoto.pl\/t\/index.php?rest_route=\/wp\/v2\/posts\/20843\/revisions"}],"predecessor-version":[{"id":20845,"href":"https:\/\/wgphoto.pl\/t\/index.php?rest_route=\/wp\/v2\/posts\/20843\/revisions\/20845"}],"wp:featuredmedia":[{"embeddable":true,"href":"https:\/\/wgphoto.pl\/t\/index.php?rest_route=\/wp\/v2\/media\/20844"}],"wp:attachment":[{"href":"https:\/\/wgphoto.pl\/t\/index.php?rest_route=%2Fwp%2Fv2%2Fmedia&parent=20843"}],"wp:term":[{"taxonomy":"category","embeddable":true,"href":"https:\/\/wgphoto.pl\/t\/index.php?rest_route=%2Fwp%2Fv2%2Fcategories&post=20843"},{"taxonomy":"post_tag","embeddable":true,"href":"https:\/\/wgphoto.pl\/t\/index.php?rest_route=%2Fwp%2Fv2%2Ftags&post=20843"}],"curies":[{"name":"wp","href":"https:\/\/api.w.org\/{rel}","templated":true}]}}