{"id":20856,"date":"2025-07-27T13:48:14","date_gmt":"2025-07-27T11:48:14","guid":{"rendered":"https:\/\/wgphoto.pl\/t\/?p=20856"},"modified":"2025-07-27T13:48:14","modified_gmt":"2025-07-27T11:48:14","slug":"tyle-torow-do-wyboru","status":"publish","type":"post","link":"https:\/\/wgphoto.pl\/t\/?p=20856","title":{"rendered":"Tyle tor\u00f3w do wyboru"},"content":{"rendered":"\n<figure class=\"wp-block-image aligncenter size-full\"><img loading=\"lazy\" decoding=\"async\" width=\"1400\" height=\"927\" src=\"https:\/\/wgphoto.pl\/t\/wp-content\/uploads\/2025\/07\/IMGP0376.jpg\" alt=\"\" class=\"wp-image-20857\" srcset=\"https:\/\/wgphoto.pl\/t\/wp-content\/uploads\/2025\/07\/IMGP0376.jpg 1400w, https:\/\/wgphoto.pl\/t\/wp-content\/uploads\/2025\/07\/IMGP0376-300x199.jpg 300w, https:\/\/wgphoto.pl\/t\/wp-content\/uploads\/2025\/07\/IMGP0376-768x509.jpg 768w\" sizes=\"auto, (max-width: 1400px) 100vw, 1400px\" \/><\/figure>\n\n\n\n<div class=\"wp-block-group has-global-padding is-layout-constrained wp-block-group-is-layout-constrained\">\n<p>Tatra T3M.3 nr 309 na trasie szybkiego tramwaju z Mostu do Litv\u00ednova, mi\u0119dzy przystankami Most, Chomutovsk\u00e1 i Most, Sou\u0161. Obok prowadzi linia kolejowa w kierunku Chomutova oraz kombinatu mi\u0119dzy Mostem i Litv\u00ednovem. 21.09.2020<\/p>\n<\/div>\n","protected":false},"excerpt":{"rendered":"<p>Tatra T3M.3 nr 309 na trasie szybkiego tramwaju z Mostu do Litv\u00ednova, mi\u0119dzy przystankami Most, Chomutovsk\u00e1 i Most, Sou\u0161. Obok prowadzi linia kolejowa w kierunku Chomutova oraz kombinatu mi\u0119dzy Mostem i Litv\u00ednovem. 21.09.2020<\/p>\n","protected":false},"author":1,"featured_media":20857,"comment_status":"open","ping_status":"","sticky":false,"template":"","format":"standard","meta":{"footnotes":""},"categories":[676,3],"tags":[2356,49,2003,1684,1683,118,1011,561],"class_list":["post-20856","post","type-post","status-publish","format-standard","has-post-thumbnail","hentry","category-rok-2020","category-tramwaj","tag-2020-09-21","tag-czechy","tag-czeskie-wakacje-2020","tag-dp-most","tag-most-cz","tag-plany-i-profile","tag-tatra-t3","tag-tramwaj-podmiejski"],"_links":{"self":[{"href":"https:\/\/wgphoto.pl\/t\/index.php?rest_route=\/wp\/v2\/posts\/20856","targetHints":{"allow":["GET"]}}],"collection":[{"href":"https:\/\/wgphoto.pl\/t\/index.php?rest_route=\/wp\/v2\/posts"}],"about":[{"href":"https:\/\/wgphoto.pl\/t\/index.php?rest_route=\/wp\/v2\/types\/post"}],"author":[{"embeddable":true,"href":"https:\/\/wgphoto.pl\/t\/index.php?rest_route=\/wp\/v2\/users\/1"}],"replies":[{"embeddable":true,"href":"https:\/\/wgphoto.pl\/t\/index.php?rest_route=%2Fwp%2Fv2%2Fcomments&post=20856"}],"version-history":[{"count":1,"href":"https:\/\/wgphoto.pl\/t\/index.php?rest_route=\/wp\/v2\/posts\/20856\/revisions"}],"predecessor-version":[{"id":20858,"href":"https:\/\/wgphoto.pl\/t\/index.php?rest_route=\/wp\/v2\/posts\/20856\/revisions\/20858"}],"wp:featuredmedia":[{"embeddable":true,"href":"https:\/\/wgphoto.pl\/t\/index.php?rest_route=\/wp\/v2\/media\/20857"}],"wp:attachment":[{"href":"https:\/\/wgphoto.pl\/t\/index.php?rest_route=%2Fwp%2Fv2%2Fmedia&parent=20856"}],"wp:term":[{"taxonomy":"category","embeddable":true,"href":"https:\/\/wgphoto.pl\/t\/index.php?rest_route=%2Fwp%2Fv2%2Fcategories&post=20856"},{"taxonomy":"post_tag","embeddable":true,"href":"https:\/\/wgphoto.pl\/t\/index.php?rest_route=%2Fwp%2Fv2%2Ftags&post=20856"}],"curies":[{"name":"wp","href":"https:\/\/api.w.org\/{rel}","templated":true}]}}