{"id":20862,"date":"2025-07-27T13:50:17","date_gmt":"2025-07-27T11:50:17","guid":{"rendered":"https:\/\/wgphoto.pl\/t\/?p=20862"},"modified":"2025-07-28T21:50:29","modified_gmt":"2025-07-28T19:50:29","slug":"vario-na-alei-budowniczych","status":"publish","type":"post","link":"https:\/\/wgphoto.pl\/t\/?p=20862","title":{"rendered":"Vario na alei Budowniczych"},"content":{"rendered":"\n<figure class=\"wp-block-image aligncenter size-full\"><img loading=\"lazy\" decoding=\"async\" width=\"1400\" height=\"927\" src=\"https:\/\/wgphoto.pl\/t\/wp-content\/uploads\/2025\/07\/IMGP0383.jpg\" alt=\"\" class=\"wp-image-20863\" srcset=\"https:\/\/wgphoto.pl\/t\/wp-content\/uploads\/2025\/07\/IMGP0383.jpg 1400w, https:\/\/wgphoto.pl\/t\/wp-content\/uploads\/2025\/07\/IMGP0383-300x199.jpg 300w, https:\/\/wgphoto.pl\/t\/wp-content\/uploads\/2025\/07\/IMGP0383-768x509.jpg 768w\" sizes=\"auto, (max-width: 1400px) 100vw, 1400px\" \/><\/figure>\n\n\n\n<div class=\"wp-block-group has-global-padding is-layout-constrained wp-container-core-group-is-layout-12243e0f wp-block-group-is-layout-constrained\">\n<p>Most, T\u0159. Budovatel\u016f. Vario LF+ 315 jedzie g\u0142\u00f3wna alej\u0105 wybudowanego na nowo Mostu. Za tramwajem widoczny jest ko\u015bci\u00f3\u0142, b\u0119d\u0105cy jedn\u0105 z nielicznych pozosta\u0142o\u015bci dawnego miasta, kt\u00f3ry zreszt\u0105 zosta\u0142 w to miejsce przesuni\u0119ty z terenu przeznaczonego pod odkrywk\u0119. 21.09.2020<\/p>\n<\/div>\n","protected":false},"excerpt":{"rendered":"<p>Most, T\u0159. Budovatel\u016f. Vario LF+ 315 jedzie g\u0142\u00f3wna alej\u0105 wybudowanego na nowo Mostu. Za tramwajem widoczny jest ko\u015bci\u00f3\u0142, b\u0119d\u0105cy jedn\u0105 z nielicznych pozosta\u0142o\u015bci dawnego miasta, kt\u00f3ry zreszt\u0105 zosta\u0142 w to miejsce przesuni\u0119ty z terenu przeznaczonego pod odkrywk\u0119. 21.09.2020<\/p>\n","protected":false},"author":1,"featured_media":20863,"comment_status":"open","ping_status":"","sticky":false,"template":"","format":"standard","meta":{"footnotes":""},"categories":[676,3],"tags":[2356,49,2003,1684,1683,1243],"class_list":["post-20862","post","type-post","status-publish","format-standard","has-post-thumbnail","hentry","category-rok-2020","category-tramwaj","tag-2020-09-21","tag-czechy","tag-czeskie-wakacje-2020","tag-dp-most","tag-most-cz","tag-vario-lf"],"_links":{"self":[{"href":"https:\/\/wgphoto.pl\/t\/index.php?rest_route=\/wp\/v2\/posts\/20862","targetHints":{"allow":["GET"]}}],"collection":[{"href":"https:\/\/wgphoto.pl\/t\/index.php?rest_route=\/wp\/v2\/posts"}],"about":[{"href":"https:\/\/wgphoto.pl\/t\/index.php?rest_route=\/wp\/v2\/types\/post"}],"author":[{"embeddable":true,"href":"https:\/\/wgphoto.pl\/t\/index.php?rest_route=\/wp\/v2\/users\/1"}],"replies":[{"embeddable":true,"href":"https:\/\/wgphoto.pl\/t\/index.php?rest_route=%2Fwp%2Fv2%2Fcomments&post=20862"}],"version-history":[{"count":3,"href":"https:\/\/wgphoto.pl\/t\/index.php?rest_route=\/wp\/v2\/posts\/20862\/revisions"}],"predecessor-version":[{"id":20978,"href":"https:\/\/wgphoto.pl\/t\/index.php?rest_route=\/wp\/v2\/posts\/20862\/revisions\/20978"}],"wp:featuredmedia":[{"embeddable":true,"href":"https:\/\/wgphoto.pl\/t\/index.php?rest_route=\/wp\/v2\/media\/20863"}],"wp:attachment":[{"href":"https:\/\/wgphoto.pl\/t\/index.php?rest_route=%2Fwp%2Fv2%2Fmedia&parent=20862"}],"wp:term":[{"taxonomy":"category","embeddable":true,"href":"https:\/\/wgphoto.pl\/t\/index.php?rest_route=%2Fwp%2Fv2%2Fcategories&post=20862"},{"taxonomy":"post_tag","embeddable":true,"href":"https:\/\/wgphoto.pl\/t\/index.php?rest_route=%2Fwp%2Fv2%2Ftags&post=20862"}],"curies":[{"name":"wp","href":"https:\/\/api.w.org\/{rel}","templated":true}]}}