{"id":20865,"date":"2025-07-27T20:45:22","date_gmt":"2025-07-27T18:45:22","guid":{"rendered":"https:\/\/wgphoto.pl\/t\/?p=20865"},"modified":"2025-07-27T20:45:22","modified_gmt":"2025-07-27T18:45:22","slug":"wiking-w-weglincu","status":"publish","type":"post","link":"https:\/\/wgphoto.pl\/t\/?p=20865","title":{"rendered":"&#8222;Wiking&#8221; w W\u0119gli\u0144cu"},"content":{"rendered":"\n<figure class=\"wp-block-image aligncenter size-full\"><img loading=\"lazy\" decoding=\"async\" width=\"1300\" height=\"862\" src=\"https:\/\/wgphoto.pl\/t\/wp-content\/uploads\/2025\/07\/2002r1-04.jpg\" alt=\"\" class=\"wp-image-20866\" srcset=\"https:\/\/wgphoto.pl\/t\/wp-content\/uploads\/2025\/07\/2002r1-04.jpg 1300w, https:\/\/wgphoto.pl\/t\/wp-content\/uploads\/2025\/07\/2002r1-04-300x199.jpg 300w, https:\/\/wgphoto.pl\/t\/wp-content\/uploads\/2025\/07\/2002r1-04-768x509.jpg 768w\" sizes=\"auto, (max-width: 1300px) 100vw, 1300px\" \/><\/figure>\n\n\n\n<div class=\"wp-block-group has-global-padding is-layout-constrained wp-block-group-is-layout-constrained\">\n<p>\u017baga\u0144ska SU45-099 (z b\u0142\u0119dnym oznaczeniem serii SP45) na czele poci\u0105gu pospiesznego 68505 &#8222;Wiking&#8221; z Jeleniej G\u00f3ry do Szczecina G\u0142. odje\u017cd\u017ca z W\u0119gli\u0144ca. 16.07.2002<\/p>\n<\/div>\n","protected":false},"excerpt":{"rendered":"<p>\u017baga\u0144ska SU45-099 (z b\u0142\u0119dnym oznaczeniem serii SP45) na czele poci\u0105gu pospiesznego 68505 &#8222;Wiking&#8221; z Jeleniej G\u00f3ry do Szczecina G\u0142. odje\u017cd\u017ca z W\u0119gli\u0144ca. 16.07.2002<\/p>\n","protected":false},"author":1,"featured_media":20866,"comment_status":"open","ping_status":"","sticky":false,"template":"","format":"standard","meta":{"footnotes":""},"categories":[62,2,577],"tags":[999,63,27,290,1311,598],"class_list":["post-20865","post","type-post","status-publish","format-standard","has-post-thumbnail","hentry","category-analog","category-kolej","category-rok-2002","tag-2002-07-16","tag-pkp","tag-polska","tag-su45","tag-tab-pl356","tag-wegliniec"],"_links":{"self":[{"href":"https:\/\/wgphoto.pl\/t\/index.php?rest_route=\/wp\/v2\/posts\/20865","targetHints":{"allow":["GET"]}}],"collection":[{"href":"https:\/\/wgphoto.pl\/t\/index.php?rest_route=\/wp\/v2\/posts"}],"about":[{"href":"https:\/\/wgphoto.pl\/t\/index.php?rest_route=\/wp\/v2\/types\/post"}],"author":[{"embeddable":true,"href":"https:\/\/wgphoto.pl\/t\/index.php?rest_route=\/wp\/v2\/users\/1"}],"replies":[{"embeddable":true,"href":"https:\/\/wgphoto.pl\/t\/index.php?rest_route=%2Fwp%2Fv2%2Fcomments&post=20865"}],"version-history":[{"count":1,"href":"https:\/\/wgphoto.pl\/t\/index.php?rest_route=\/wp\/v2\/posts\/20865\/revisions"}],"predecessor-version":[{"id":20867,"href":"https:\/\/wgphoto.pl\/t\/index.php?rest_route=\/wp\/v2\/posts\/20865\/revisions\/20867"}],"wp:featuredmedia":[{"embeddable":true,"href":"https:\/\/wgphoto.pl\/t\/index.php?rest_route=\/wp\/v2\/media\/20866"}],"wp:attachment":[{"href":"https:\/\/wgphoto.pl\/t\/index.php?rest_route=%2Fwp%2Fv2%2Fmedia&parent=20865"}],"wp:term":[{"taxonomy":"category","embeddable":true,"href":"https:\/\/wgphoto.pl\/t\/index.php?rest_route=%2Fwp%2Fv2%2Fcategories&post=20865"},{"taxonomy":"post_tag","embeddable":true,"href":"https:\/\/wgphoto.pl\/t\/index.php?rest_route=%2Fwp%2Fv2%2Ftags&post=20865"}],"curies":[{"name":"wp","href":"https:\/\/api.w.org\/{rel}","templated":true}]}}