{"id":20868,"date":"2025-07-27T20:46:25","date_gmt":"2025-07-27T18:46:25","guid":{"rendered":"https:\/\/wgphoto.pl\/t\/?p=20868"},"modified":"2025-07-27T20:46:25","modified_gmt":"2025-07-27T18:46:25","slug":"eu07-313","status":"publish","type":"post","link":"https:\/\/wgphoto.pl\/t\/?p=20868","title":{"rendered":"EU07-313"},"content":{"rendered":"\n<figure class=\"wp-block-image aligncenter size-full\"><img loading=\"lazy\" decoding=\"async\" width=\"1300\" height=\"862\" src=\"https:\/\/wgphoto.pl\/t\/wp-content\/uploads\/2025\/07\/0322-17.jpg\" alt=\"\" class=\"wp-image-20869\" srcset=\"https:\/\/wgphoto.pl\/t\/wp-content\/uploads\/2025\/07\/0322-17.jpg 1300w, https:\/\/wgphoto.pl\/t\/wp-content\/uploads\/2025\/07\/0322-17-300x199.jpg 300w, https:\/\/wgphoto.pl\/t\/wp-content\/uploads\/2025\/07\/0322-17-768x509.jpg 768w\" sizes=\"auto, (max-width: 1300px) 100vw, 1300px\" \/><\/figure>\n\n\n\n<div class=\"wp-block-group has-global-padding is-layout-constrained wp-block-group-is-layout-constrained\">\n<p>EU07-313 z CM Lublin z poci\u0105giem osobowym 616 relacji Kielce &#8211; D\u0119blin podczas przedostatniego postoju na trasie, w Zajezierzu ko\u0142o D\u0119blina. 14.07.2003<\/p>\n<\/div>\n","protected":false},"excerpt":{"rendered":"<p>EU07-313 z CM Lublin z poci\u0105giem osobowym 616 relacji Kielce &#8211; D\u0119blin podczas przedostatniego postoju na trasie, w Zajezierzu ko\u0142o D\u0119blina. 14.07.2003<\/p>\n","protected":false},"author":1,"featured_media":20869,"comment_status":"open","ping_status":"","sticky":false,"template":"","format":"standard","meta":{"footnotes":""},"categories":[62,2,149],"tags":[2716,288,122,24,63,27,2717,2714],"class_list":["post-20868","post","type-post","status-publish","format-standard","has-post-thumbnail","hentry","category-analog","category-kolej","category-rok-2003","tag-2003-07-14","tag-bipa","tag-eu07","tag-perony","tag-pkp","tag-polska","tag-tab-pl111","tag-zajezierze-kolo-deblina"],"_links":{"self":[{"href":"https:\/\/wgphoto.pl\/t\/index.php?rest_route=\/wp\/v2\/posts\/20868","targetHints":{"allow":["GET"]}}],"collection":[{"href":"https:\/\/wgphoto.pl\/t\/index.php?rest_route=\/wp\/v2\/posts"}],"about":[{"href":"https:\/\/wgphoto.pl\/t\/index.php?rest_route=\/wp\/v2\/types\/post"}],"author":[{"embeddable":true,"href":"https:\/\/wgphoto.pl\/t\/index.php?rest_route=\/wp\/v2\/users\/1"}],"replies":[{"embeddable":true,"href":"https:\/\/wgphoto.pl\/t\/index.php?rest_route=%2Fwp%2Fv2%2Fcomments&post=20868"}],"version-history":[{"count":1,"href":"https:\/\/wgphoto.pl\/t\/index.php?rest_route=\/wp\/v2\/posts\/20868\/revisions"}],"predecessor-version":[{"id":20870,"href":"https:\/\/wgphoto.pl\/t\/index.php?rest_route=\/wp\/v2\/posts\/20868\/revisions\/20870"}],"wp:featuredmedia":[{"embeddable":true,"href":"https:\/\/wgphoto.pl\/t\/index.php?rest_route=\/wp\/v2\/media\/20869"}],"wp:attachment":[{"href":"https:\/\/wgphoto.pl\/t\/index.php?rest_route=%2Fwp%2Fv2%2Fmedia&parent=20868"}],"wp:term":[{"taxonomy":"category","embeddable":true,"href":"https:\/\/wgphoto.pl\/t\/index.php?rest_route=%2Fwp%2Fv2%2Fcategories&post=20868"},{"taxonomy":"post_tag","embeddable":true,"href":"https:\/\/wgphoto.pl\/t\/index.php?rest_route=%2Fwp%2Fv2%2Ftags&post=20868"}],"curies":[{"name":"wp","href":"https:\/\/api.w.org\/{rel}","templated":true}]}}