{"id":2087,"date":"2024-10-07T18:02:16","date_gmt":"2024-10-07T16:02:16","guid":{"rendered":"https:\/\/wgphoto.pl\/t\/?p=2087"},"modified":"2024-10-07T18:02:16","modified_gmt":"2024-10-07T16:02:16","slug":"policka","status":"publish","type":"post","link":"https:\/\/wgphoto.pl\/t\/?p=2087","title":{"rendered":"Poli\u010dka"},"content":{"rendered":"\n<figure class=\"wp-block-image aligncenter size-full\"><img loading=\"lazy\" decoding=\"async\" width=\"1200\" height=\"803\" src=\"https:\/\/wgphoto.pl\/t\/wp-content\/uploads\/2024\/10\/IMGP7867.jpg\" alt=\"\" class=\"wp-image-2088\" srcset=\"https:\/\/wgphoto.pl\/t\/wp-content\/uploads\/2024\/10\/IMGP7867.jpg 1200w, https:\/\/wgphoto.pl\/t\/wp-content\/uploads\/2024\/10\/IMGP7867-300x201.jpg 300w, https:\/\/wgphoto.pl\/t\/wp-content\/uploads\/2024\/10\/IMGP7867-768x514.jpg 768w\" sizes=\"auto, (max-width: 1200px) 100vw, 1200px\" \/><\/figure>\n\n\n\n<div class=\"wp-block-group has-global-padding is-layout-constrained wp-block-group-is-layout-constrained\">\n<p>W rozk\u0142adzie jazdy wypatrzy\u0142em podzia\u0142 relacji i skomunikowanie na \u015brodku lokalki. Spodziewa\u0142em si\u0119 wi\u0119c raczej dw\u00f3ch pojazd\u00f3w, kt\u00f3re przyjad\u0105, a nast\u0119pnie odjad\u0105, ka\u017cdy w swoj\u0105 stron\u0119, a tu prosz\u0119 &#8211; ca\u0142e stado. 23.07.2009<\/p>\n<\/div>\n","protected":false},"excerpt":{"rendered":"<p>W rozk\u0142adzie jazdy wypatrzy\u0142em podzia\u0142 relacji i skomunikowanie na \u015brodku lokalki. Spodziewa\u0142em si\u0119 wi\u0119c raczej dw\u00f3ch pojazd\u00f3w, kt\u00f3re przyjad\u0105, a nast\u0119pnie odjad\u0105, ka\u017cdy w swoj\u0105 stron\u0119, a tu prosz\u0119 &#8211; ca\u0142e stado. 23.07.2009<\/p>\n","protected":false},"author":1,"featured_media":2088,"comment_status":"open","ping_status":"","sticky":false,"template":"","format":"standard","meta":{"footnotes":""},"categories":[2,169],"tags":[287,92,50,49,196,1088,1087],"class_list":["post-2087","post","type-post","status-publish","format-standard","has-post-thumbnail","hentry","category-kolej","category-rok-2009","tag-2009-07-23","tag-92","tag-cd","tag-czechy","tag-linie-raczej-lokalne","tag-policka","tag-tab-cz261"],"_links":{"self":[{"href":"https:\/\/wgphoto.pl\/t\/index.php?rest_route=\/wp\/v2\/posts\/2087","targetHints":{"allow":["GET"]}}],"collection":[{"href":"https:\/\/wgphoto.pl\/t\/index.php?rest_route=\/wp\/v2\/posts"}],"about":[{"href":"https:\/\/wgphoto.pl\/t\/index.php?rest_route=\/wp\/v2\/types\/post"}],"author":[{"embeddable":true,"href":"https:\/\/wgphoto.pl\/t\/index.php?rest_route=\/wp\/v2\/users\/1"}],"replies":[{"embeddable":true,"href":"https:\/\/wgphoto.pl\/t\/index.php?rest_route=%2Fwp%2Fv2%2Fcomments&post=2087"}],"version-history":[{"count":1,"href":"https:\/\/wgphoto.pl\/t\/index.php?rest_route=\/wp\/v2\/posts\/2087\/revisions"}],"predecessor-version":[{"id":2089,"href":"https:\/\/wgphoto.pl\/t\/index.php?rest_route=\/wp\/v2\/posts\/2087\/revisions\/2089"}],"wp:featuredmedia":[{"embeddable":true,"href":"https:\/\/wgphoto.pl\/t\/index.php?rest_route=\/wp\/v2\/media\/2088"}],"wp:attachment":[{"href":"https:\/\/wgphoto.pl\/t\/index.php?rest_route=%2Fwp%2Fv2%2Fmedia&parent=2087"}],"wp:term":[{"taxonomy":"category","embeddable":true,"href":"https:\/\/wgphoto.pl\/t\/index.php?rest_route=%2Fwp%2Fv2%2Fcategories&post=2087"},{"taxonomy":"post_tag","embeddable":true,"href":"https:\/\/wgphoto.pl\/t\/index.php?rest_route=%2Fwp%2Fv2%2Ftags&post=2087"}],"curies":[{"name":"wp","href":"https:\/\/api.w.org\/{rel}","templated":true}]}}