{"id":20880,"date":"2025-07-27T20:51:05","date_gmt":"2025-07-27T18:51:05","guid":{"rendered":"https:\/\/wgphoto.pl\/t\/?p=20880"},"modified":"2025-07-27T20:51:05","modified_gmt":"2025-07-27T18:51:05","slug":"tag-mot-t-centralen","status":"publish","type":"post","link":"https:\/\/wgphoto.pl\/t\/?p=20880","title":{"rendered":"T\u00e5g mot T-Centralen"},"content":{"rendered":"\n<figure class=\"wp-block-image aligncenter size-full\"><img loading=\"lazy\" decoding=\"async\" width=\"1300\" height=\"870\" src=\"https:\/\/wgphoto.pl\/t\/wp-content\/uploads\/2025\/07\/IMGP5761.jpg\" alt=\"\" class=\"wp-image-20882\" srcset=\"https:\/\/wgphoto.pl\/t\/wp-content\/uploads\/2025\/07\/IMGP5761.jpg 1300w, https:\/\/wgphoto.pl\/t\/wp-content\/uploads\/2025\/07\/IMGP5761-300x201.jpg 300w, https:\/\/wgphoto.pl\/t\/wp-content\/uploads\/2025\/07\/IMGP5761-768x514.jpg 768w\" sizes=\"auto, (max-width: 1300px) 100vw, 1300px\" \/><\/figure>\n\n\n\n<div class=\"wp-block-group has-global-padding is-layout-constrained wp-block-group-is-layout-constrained\">\n<p>Poci\u0105g z\u0142o\u017cony z wagon\u00f3w typu C6 o rozruchu oporowym (pojazd nr 2753 pochodzi z rocznika 1973) wje\u017cd\u017ca na stacj\u0119 Stadion w Sztokholmie. 07.12.2011<\/p>\n<\/div>\n","protected":false},"excerpt":{"rendered":"<p>Poci\u0105g z\u0142o\u017cony z wagon\u00f3w typu C6 o rozruchu oporowym (pojazd nr 2753 pochodzi z rocznika 1973) wje\u017cd\u017ca na stacj\u0119 Stadion w Sztokholmie. 07.12.2011<\/p>\n","protected":false},"author":1,"featured_media":20882,"comment_status":"open","ping_status":"","sticky":false,"template":"","format":"standard","meta":{"footnotes":""},"categories":[4,77],"tags":[1128,3291,151,682,1127,686,685,15],"class_list":["post-20880","post","type-post","status-publish","format-standard","has-post-thumbnail","hentry","category-metro","category-rok-2011","tag-2011-12-07","tag-c6","tag-ludzie","tag-sl-stockholm","tag-stockholms-tunnelbana","tag-sztokholm","tag-szwecja","tag-tunel"],"_links":{"self":[{"href":"https:\/\/wgphoto.pl\/t\/index.php?rest_route=\/wp\/v2\/posts\/20880","targetHints":{"allow":["GET"]}}],"collection":[{"href":"https:\/\/wgphoto.pl\/t\/index.php?rest_route=\/wp\/v2\/posts"}],"about":[{"href":"https:\/\/wgphoto.pl\/t\/index.php?rest_route=\/wp\/v2\/types\/post"}],"author":[{"embeddable":true,"href":"https:\/\/wgphoto.pl\/t\/index.php?rest_route=\/wp\/v2\/users\/1"}],"replies":[{"embeddable":true,"href":"https:\/\/wgphoto.pl\/t\/index.php?rest_route=%2Fwp%2Fv2%2Fcomments&post=20880"}],"version-history":[{"count":1,"href":"https:\/\/wgphoto.pl\/t\/index.php?rest_route=\/wp\/v2\/posts\/20880\/revisions"}],"predecessor-version":[{"id":20883,"href":"https:\/\/wgphoto.pl\/t\/index.php?rest_route=\/wp\/v2\/posts\/20880\/revisions\/20883"}],"wp:featuredmedia":[{"embeddable":true,"href":"https:\/\/wgphoto.pl\/t\/index.php?rest_route=\/wp\/v2\/media\/20882"}],"wp:attachment":[{"href":"https:\/\/wgphoto.pl\/t\/index.php?rest_route=%2Fwp%2Fv2%2Fmedia&parent=20880"}],"wp:term":[{"taxonomy":"category","embeddable":true,"href":"https:\/\/wgphoto.pl\/t\/index.php?rest_route=%2Fwp%2Fv2%2Fcategories&post=20880"},{"taxonomy":"post_tag","embeddable":true,"href":"https:\/\/wgphoto.pl\/t\/index.php?rest_route=%2Fwp%2Fv2%2Ftags&post=20880"}],"curies":[{"name":"wp","href":"https:\/\/api.w.org\/{rel}","templated":true}]}}