{"id":20893,"date":"2025-07-27T20:58:16","date_gmt":"2025-07-27T18:58:16","guid":{"rendered":"https:\/\/wgphoto.pl\/t\/?p=20893"},"modified":"2025-07-27T20:58:16","modified_gmt":"2025-07-27T18:58:16","slug":"wiosna-na-tarnogaju","status":"publish","type":"post","link":"https:\/\/wgphoto.pl\/t\/?p=20893","title":{"rendered":"Wiosna na Tarnogaju"},"content":{"rendered":"\n<figure class=\"wp-block-image aligncenter size-full\"><img loading=\"lazy\" decoding=\"async\" width=\"800\" height=\"1000\" src=\"https:\/\/wgphoto.pl\/t\/wp-content\/uploads\/2025\/07\/0404-24.jpg\" alt=\"\" class=\"wp-image-20894\" srcset=\"https:\/\/wgphoto.pl\/t\/wp-content\/uploads\/2025\/07\/0404-24.jpg 800w, https:\/\/wgphoto.pl\/t\/wp-content\/uploads\/2025\/07\/0404-24-240x300.jpg 240w, https:\/\/wgphoto.pl\/t\/wp-content\/uploads\/2025\/07\/0404-24-768x960.jpg 768w\" sizes=\"auto, (max-width: 800px) 100vw, 800px\" \/><\/figure>\n\n\n\n<div class=\"wp-block-group has-global-padding is-layout-constrained wp-block-group-is-layout-constrained\">\n<p>Wroc\u0142aw, p\u0119tla Tarnogaj. Motornicza sk\u0142adu 105Na 2492+2493 wysiada do zwrotnicy aby wjecha\u0107 na tor przydzielony linii 22. 09.04.2004<\/p>\n<\/div>\n","protected":false},"excerpt":{"rendered":"<p>Wroc\u0142aw, p\u0119tla Tarnogaj. Motornicza sk\u0142adu 105Na 2492+2493 wysiada do zwrotnicy aby wjecha\u0107 na tor przydzielony linii 22. 09.04.2004<\/p>\n","protected":false},"author":1,"featured_media":20894,"comment_status":"open","ping_status":"","sticky":false,"template":"","format":"standard","meta":{"footnotes":""},"categories":[62,128,61,3],"tags":[155,4360,42,27,294,41],"class_list":["post-20893","post","type-post","status-publish","format-standard","has-post-thumbnail","hentry","category-analog","category-pionowe","category-rok-2004","category-tramwaj","tag-105na","tag-2004-04-09","tag-mpk-wroclaw","tag-polska","tag-wiosna","tag-wroclaw"],"_links":{"self":[{"href":"https:\/\/wgphoto.pl\/t\/index.php?rest_route=\/wp\/v2\/posts\/20893","targetHints":{"allow":["GET"]}}],"collection":[{"href":"https:\/\/wgphoto.pl\/t\/index.php?rest_route=\/wp\/v2\/posts"}],"about":[{"href":"https:\/\/wgphoto.pl\/t\/index.php?rest_route=\/wp\/v2\/types\/post"}],"author":[{"embeddable":true,"href":"https:\/\/wgphoto.pl\/t\/index.php?rest_route=\/wp\/v2\/users\/1"}],"replies":[{"embeddable":true,"href":"https:\/\/wgphoto.pl\/t\/index.php?rest_route=%2Fwp%2Fv2%2Fcomments&post=20893"}],"version-history":[{"count":1,"href":"https:\/\/wgphoto.pl\/t\/index.php?rest_route=\/wp\/v2\/posts\/20893\/revisions"}],"predecessor-version":[{"id":20895,"href":"https:\/\/wgphoto.pl\/t\/index.php?rest_route=\/wp\/v2\/posts\/20893\/revisions\/20895"}],"wp:featuredmedia":[{"embeddable":true,"href":"https:\/\/wgphoto.pl\/t\/index.php?rest_route=\/wp\/v2\/media\/20894"}],"wp:attachment":[{"href":"https:\/\/wgphoto.pl\/t\/index.php?rest_route=%2Fwp%2Fv2%2Fmedia&parent=20893"}],"wp:term":[{"taxonomy":"category","embeddable":true,"href":"https:\/\/wgphoto.pl\/t\/index.php?rest_route=%2Fwp%2Fv2%2Fcategories&post=20893"},{"taxonomy":"post_tag","embeddable":true,"href":"https:\/\/wgphoto.pl\/t\/index.php?rest_route=%2Fwp%2Fv2%2Ftags&post=20893"}],"curies":[{"name":"wp","href":"https:\/\/api.w.org\/{rel}","templated":true}]}}