{"id":20902,"date":"2025-07-27T21:01:05","date_gmt":"2025-07-27T19:01:05","guid":{"rendered":"https:\/\/wgphoto.pl\/t\/?p=20902"},"modified":"2025-07-27T21:01:05","modified_gmt":"2025-07-27T19:01:05","slug":"motyw-ze-slupem","status":"publish","type":"post","link":"https:\/\/wgphoto.pl\/t\/?p=20902","title":{"rendered":"Motyw ze s\u0142upem"},"content":{"rendered":"\n<figure class=\"wp-block-image aligncenter size-full\"><img loading=\"lazy\" decoding=\"async\" width=\"1300\" height=\"861\" src=\"https:\/\/wgphoto.pl\/t\/wp-content\/uploads\/2025\/07\/2002u-12_rsn.jpg\" alt=\"\" class=\"wp-image-20903\" srcset=\"https:\/\/wgphoto.pl\/t\/wp-content\/uploads\/2025\/07\/2002u-12_rsn.jpg 1300w, https:\/\/wgphoto.pl\/t\/wp-content\/uploads\/2025\/07\/2002u-12_rsn-300x199.jpg 300w, https:\/\/wgphoto.pl\/t\/wp-content\/uploads\/2025\/07\/2002u-12_rsn-768x509.jpg 768w\" sizes=\"auto, (max-width: 1300px) 100vw, 1300px\" \/><\/figure>\n\n\n\n<div class=\"wp-block-group has-global-padding is-layout-constrained wp-block-group-is-layout-constrained\">\n<p>SU45-064 z poci\u0105giem osobowym 46121 relacji K\u0119dzierzyn-Ko\u017ale &#8211; Jaworzyna \u015al\u0105ska tu\u017c za przystankiem Nowy Las. S\u0142up\u00f3w teletechnicznych na ca\u0142ym odcinku od Kamie\u0144ca do K\u0119dzierzyna dzi\u015b ju\u017c nie ma. 31.08.2002<\/p>\n<\/div>\n","protected":false},"excerpt":{"rendered":"<p>SU45-064 z poci\u0105giem osobowym 46121 relacji K\u0119dzierzyn-Ko\u017ale &#8211; Jaworzyna \u015al\u0105ska tu\u017c za przystankiem Nowy Las. S\u0142up\u00f3w teletechnicznych na ca\u0142ym odcinku od Kamie\u0144ca do K\u0119dzierzyna dzi\u015b ju\u017c nie ma. 31.08.2002<\/p>\n","protected":false},"author":1,"featured_media":20903,"comment_status":"open","ping_status":"","sticky":false,"template":"","format":"standard","meta":{"footnotes":""},"categories":[62,2,577],"tags":[1235,4363,63,27,290,319],"class_list":["post-20902","post","type-post","status-publish","format-standard","has-post-thumbnail","hentry","category-analog","category-kolej","category-rok-2002","tag-2002-08-31","tag-nowy-las","tag-pkp","tag-polska","tag-su45","tag-tab-pl235"],"_links":{"self":[{"href":"https:\/\/wgphoto.pl\/t\/index.php?rest_route=\/wp\/v2\/posts\/20902","targetHints":{"allow":["GET"]}}],"collection":[{"href":"https:\/\/wgphoto.pl\/t\/index.php?rest_route=\/wp\/v2\/posts"}],"about":[{"href":"https:\/\/wgphoto.pl\/t\/index.php?rest_route=\/wp\/v2\/types\/post"}],"author":[{"embeddable":true,"href":"https:\/\/wgphoto.pl\/t\/index.php?rest_route=\/wp\/v2\/users\/1"}],"replies":[{"embeddable":true,"href":"https:\/\/wgphoto.pl\/t\/index.php?rest_route=%2Fwp%2Fv2%2Fcomments&post=20902"}],"version-history":[{"count":1,"href":"https:\/\/wgphoto.pl\/t\/index.php?rest_route=\/wp\/v2\/posts\/20902\/revisions"}],"predecessor-version":[{"id":20904,"href":"https:\/\/wgphoto.pl\/t\/index.php?rest_route=\/wp\/v2\/posts\/20902\/revisions\/20904"}],"wp:featuredmedia":[{"embeddable":true,"href":"https:\/\/wgphoto.pl\/t\/index.php?rest_route=\/wp\/v2\/media\/20903"}],"wp:attachment":[{"href":"https:\/\/wgphoto.pl\/t\/index.php?rest_route=%2Fwp%2Fv2%2Fmedia&parent=20902"}],"wp:term":[{"taxonomy":"category","embeddable":true,"href":"https:\/\/wgphoto.pl\/t\/index.php?rest_route=%2Fwp%2Fv2%2Fcategories&post=20902"},{"taxonomy":"post_tag","embeddable":true,"href":"https:\/\/wgphoto.pl\/t\/index.php?rest_route=%2Fwp%2Fv2%2Ftags&post=20902"}],"curies":[{"name":"wp","href":"https:\/\/api.w.org\/{rel}","templated":true}]}}