{"id":20905,"date":"2025-07-27T21:02:09","date_gmt":"2025-07-27T19:02:09","guid":{"rendered":"https:\/\/wgphoto.pl\/t\/?p=20905"},"modified":"2025-07-27T21:02:09","modified_gmt":"2025-07-27T19:02:09","slug":"landeskrone","status":"publish","type":"post","link":"https:\/\/wgphoto.pl\/t\/?p=20905","title":{"rendered":"Landeskrone"},"content":{"rendered":"\n<figure class=\"wp-block-image aligncenter size-full\"><img loading=\"lazy\" decoding=\"async\" width=\"1300\" height=\"861\" src=\"https:\/\/wgphoto.pl\/t\/wp-content\/uploads\/2025\/07\/IMGP2440.jpg\" alt=\"\" class=\"wp-image-20906\" srcset=\"https:\/\/wgphoto.pl\/t\/wp-content\/uploads\/2025\/07\/IMGP2440.jpg 1300w, https:\/\/wgphoto.pl\/t\/wp-content\/uploads\/2025\/07\/IMGP2440-300x199.jpg 300w, https:\/\/wgphoto.pl\/t\/wp-content\/uploads\/2025\/07\/IMGP2440-768x509.jpg 768w\" sizes=\"auto, (max-width: 1300px) 100vw, 1300px\" \/><\/figure>\n\n\n\n<div class=\"wp-block-group has-global-padding is-layout-constrained wp-block-group-is-layout-constrained\">\n<p>G\u00f6rlitz, Biesnitz Landeskrone, KT4DMC 2317 podczas tr\u00f3jk\u0105towania przy zmianie kierunku. 02.05.2023<\/p>\n<\/div>\n","protected":false},"excerpt":{"rendered":"<p>G\u00f6rlitz, Biesnitz Landeskrone, KT4DMC 2317 podczas tr\u00f3jk\u0105towania przy zmianie kierunku. 02.05.2023<\/p>\n","protected":false},"author":1,"featured_media":20906,"comment_status":"open","ping_status":"","sticky":false,"template":"","format":"standard","meta":{"footnotes":""},"categories":[6,3],"tags":[4364,31,23,33,129],"class_list":["post-20905","post","type-post","status-publish","format-standard","has-post-thumbnail","hentry","category-2023r","category-tramwaj","tag-2023-05-02","tag-gorlitz","tag-niemcy","tag-tatra-kt4","tag-vgg-gorlitz"],"_links":{"self":[{"href":"https:\/\/wgphoto.pl\/t\/index.php?rest_route=\/wp\/v2\/posts\/20905","targetHints":{"allow":["GET"]}}],"collection":[{"href":"https:\/\/wgphoto.pl\/t\/index.php?rest_route=\/wp\/v2\/posts"}],"about":[{"href":"https:\/\/wgphoto.pl\/t\/index.php?rest_route=\/wp\/v2\/types\/post"}],"author":[{"embeddable":true,"href":"https:\/\/wgphoto.pl\/t\/index.php?rest_route=\/wp\/v2\/users\/1"}],"replies":[{"embeddable":true,"href":"https:\/\/wgphoto.pl\/t\/index.php?rest_route=%2Fwp%2Fv2%2Fcomments&post=20905"}],"version-history":[{"count":1,"href":"https:\/\/wgphoto.pl\/t\/index.php?rest_route=\/wp\/v2\/posts\/20905\/revisions"}],"predecessor-version":[{"id":20907,"href":"https:\/\/wgphoto.pl\/t\/index.php?rest_route=\/wp\/v2\/posts\/20905\/revisions\/20907"}],"wp:featuredmedia":[{"embeddable":true,"href":"https:\/\/wgphoto.pl\/t\/index.php?rest_route=\/wp\/v2\/media\/20906"}],"wp:attachment":[{"href":"https:\/\/wgphoto.pl\/t\/index.php?rest_route=%2Fwp%2Fv2%2Fmedia&parent=20905"}],"wp:term":[{"taxonomy":"category","embeddable":true,"href":"https:\/\/wgphoto.pl\/t\/index.php?rest_route=%2Fwp%2Fv2%2Fcategories&post=20905"},{"taxonomy":"post_tag","embeddable":true,"href":"https:\/\/wgphoto.pl\/t\/index.php?rest_route=%2Fwp%2Fv2%2Ftags&post=20905"}],"curies":[{"name":"wp","href":"https:\/\/api.w.org\/{rel}","templated":true}]}}