{"id":20911,"date":"2025-07-27T21:04:17","date_gmt":"2025-07-27T19:04:17","guid":{"rendered":"https:\/\/wgphoto.pl\/t\/?p=20911"},"modified":"2025-07-27T21:04:17","modified_gmt":"2025-07-27T19:04:17","slug":"zurich-enge","status":"publish","type":"post","link":"https:\/\/wgphoto.pl\/t\/?p=20911","title":{"rendered":"Z\u00fcrich Enge"},"content":{"rendered":"\n<figure class=\"wp-block-image aligncenter size-full\"><img loading=\"lazy\" decoding=\"async\" width=\"1300\" height=\"861\" src=\"https:\/\/wgphoto.pl\/t\/wp-content\/uploads\/2025\/07\/IMGP8627-1.jpg\" alt=\"\" class=\"wp-image-20912\" srcset=\"https:\/\/wgphoto.pl\/t\/wp-content\/uploads\/2025\/07\/IMGP8627-1.jpg 1300w, https:\/\/wgphoto.pl\/t\/wp-content\/uploads\/2025\/07\/IMGP8627-1-300x199.jpg 300w, https:\/\/wgphoto.pl\/t\/wp-content\/uploads\/2025\/07\/IMGP8627-1-768x509.jpg 768w\" sizes=\"auto, (max-width: 1300px) 100vw, 1300px\" \/><\/figure>\n\n\n\n<div class=\"wp-block-group has-global-padding is-layout-constrained wp-block-group-is-layout-constrained\">\n<p>Jednstka (a zapewne sk\u0142ad jednostek) serii 514 jako S8 do Winterthur odje\u017cd\u017ca ze stacji Z\u00fcrich Enge. 27.03.2018<\/p>\n<\/div>\n","protected":false},"excerpt":{"rendered":"<p>Jednstka (a zapewne sk\u0142ad jednostek) serii 514 jako S8 do Winterthur odje\u017cd\u017ca ze stacji Z\u00fcrich Enge. 27.03.2018<\/p>\n","protected":false},"author":1,"featured_media":20912,"comment_status":"open","ping_status":"","sticky":false,"template":"","format":"standard","meta":{"footnotes":""},"categories":[2,156],"tags":[545,173,4365,1059,183,186,15,543],"class_list":["post-20911","post","type-post","status-publish","format-standard","has-post-thumbnail","hentry","category-kolej","category-rok-2018","tag-2018-03-27","tag-koncowki","tag-s-bahn-zurich","tag-sbb","tag-suissetrip-2018","tag-szwajcaria","tag-tunel","tag-zurych"],"_links":{"self":[{"href":"https:\/\/wgphoto.pl\/t\/index.php?rest_route=\/wp\/v2\/posts\/20911","targetHints":{"allow":["GET"]}}],"collection":[{"href":"https:\/\/wgphoto.pl\/t\/index.php?rest_route=\/wp\/v2\/posts"}],"about":[{"href":"https:\/\/wgphoto.pl\/t\/index.php?rest_route=\/wp\/v2\/types\/post"}],"author":[{"embeddable":true,"href":"https:\/\/wgphoto.pl\/t\/index.php?rest_route=\/wp\/v2\/users\/1"}],"replies":[{"embeddable":true,"href":"https:\/\/wgphoto.pl\/t\/index.php?rest_route=%2Fwp%2Fv2%2Fcomments&post=20911"}],"version-history":[{"count":1,"href":"https:\/\/wgphoto.pl\/t\/index.php?rest_route=\/wp\/v2\/posts\/20911\/revisions"}],"predecessor-version":[{"id":20913,"href":"https:\/\/wgphoto.pl\/t\/index.php?rest_route=\/wp\/v2\/posts\/20911\/revisions\/20913"}],"wp:featuredmedia":[{"embeddable":true,"href":"https:\/\/wgphoto.pl\/t\/index.php?rest_route=\/wp\/v2\/media\/20912"}],"wp:attachment":[{"href":"https:\/\/wgphoto.pl\/t\/index.php?rest_route=%2Fwp%2Fv2%2Fmedia&parent=20911"}],"wp:term":[{"taxonomy":"category","embeddable":true,"href":"https:\/\/wgphoto.pl\/t\/index.php?rest_route=%2Fwp%2Fv2%2Fcategories&post=20911"},{"taxonomy":"post_tag","embeddable":true,"href":"https:\/\/wgphoto.pl\/t\/index.php?rest_route=%2Fwp%2Fv2%2Ftags&post=20911"}],"curies":[{"name":"wp","href":"https:\/\/api.w.org\/{rel}","templated":true}]}}