{"id":20942,"date":"2025-07-28T10:42:48","date_gmt":"2025-07-28T08:42:48","guid":{"rendered":"https:\/\/wgphoto.pl\/t\/?p=20942"},"modified":"2025-07-28T10:42:48","modified_gmt":"2025-07-28T08:42:48","slug":"wczesny-fajrant","status":"publish","type":"post","link":"https:\/\/wgphoto.pl\/t\/?p=20942","title":{"rendered":"Wczesny fajrant"},"content":{"rendered":"\n<figure class=\"wp-block-image aligncenter size-full\"><img loading=\"lazy\" decoding=\"async\" width=\"1300\" height=\"861\" src=\"https:\/\/wgphoto.pl\/t\/wp-content\/uploads\/2025\/07\/IMGP9563.jpg\" alt=\"\" class=\"wp-image-20944\" srcset=\"https:\/\/wgphoto.pl\/t\/wp-content\/uploads\/2025\/07\/IMGP9563.jpg 1300w, https:\/\/wgphoto.pl\/t\/wp-content\/uploads\/2025\/07\/IMGP9563-300x199.jpg 300w, https:\/\/wgphoto.pl\/t\/wp-content\/uploads\/2025\/07\/IMGP9563-768x509.jpg 768w\" sizes=\"auto, (max-width: 1300px) 100vw, 1300px\" \/><\/figure>\n\n\n\n<div class=\"wp-block-group has-global-padding is-layout-constrained wp-block-group-is-layout-constrained\">\n<p>Sk\u0142ad T6A5 626+627 na linii R6 dowi\u00f3z\u0142 hutnik\u00f3w na porann\u0105 zmian\u0119 do zak\u0142ad\u00f3w widocznych po lewej w tle i zje\u017cd\u017ca do zajezdni, mimo \u017ce jeszcze nie min\u0119\u0142a si\u00f3dma rano. Odcinek Po\u013eov &#8211; Pere\u0161 pod Koszycami. 14.08.2020<\/p>\n<\/div>\n","protected":false},"excerpt":{"rendered":"<p>Sk\u0142ad T6A5 626+627 na linii R6 dowi\u00f3z\u0142 hutnik\u00f3w na porann\u0105 zmian\u0119 do zak\u0142ad\u00f3w widocznych po lewej w tle i zje\u017cd\u017ca do zajezdni, mimo \u017ce jeszcze nie min\u0119\u0142a si\u00f3dma rano. Odcinek Po\u013eov &#8211; Pere\u0161 pod Koszycami. 14.08.2020<\/p>\n","protected":false},"author":1,"featured_media":20944,"comment_status":"open","ping_status":"","sticky":false,"template":"","format":"standard","meta":{"footnotes":""},"categories":[676,3],"tags":[677,1359,1358,176,678,675,841,561],"class_list":["post-20942","post","type-post","status-publish","format-standard","has-post-thumbnail","hentry","category-rok-2020","category-tramwaj","tag-2020-08-14","tag-dpmk-kosice","tag-koszyce","tag-rano","tag-slovensko-uhersko-2020","tag-slowacja","tag-tatra-t6","tag-tramwaj-podmiejski"],"_links":{"self":[{"href":"https:\/\/wgphoto.pl\/t\/index.php?rest_route=\/wp\/v2\/posts\/20942","targetHints":{"allow":["GET"]}}],"collection":[{"href":"https:\/\/wgphoto.pl\/t\/index.php?rest_route=\/wp\/v2\/posts"}],"about":[{"href":"https:\/\/wgphoto.pl\/t\/index.php?rest_route=\/wp\/v2\/types\/post"}],"author":[{"embeddable":true,"href":"https:\/\/wgphoto.pl\/t\/index.php?rest_route=\/wp\/v2\/users\/1"}],"replies":[{"embeddable":true,"href":"https:\/\/wgphoto.pl\/t\/index.php?rest_route=%2Fwp%2Fv2%2Fcomments&post=20942"}],"version-history":[{"count":1,"href":"https:\/\/wgphoto.pl\/t\/index.php?rest_route=\/wp\/v2\/posts\/20942\/revisions"}],"predecessor-version":[{"id":20945,"href":"https:\/\/wgphoto.pl\/t\/index.php?rest_route=\/wp\/v2\/posts\/20942\/revisions\/20945"}],"wp:featuredmedia":[{"embeddable":true,"href":"https:\/\/wgphoto.pl\/t\/index.php?rest_route=\/wp\/v2\/media\/20944"}],"wp:attachment":[{"href":"https:\/\/wgphoto.pl\/t\/index.php?rest_route=%2Fwp%2Fv2%2Fmedia&parent=20942"}],"wp:term":[{"taxonomy":"category","embeddable":true,"href":"https:\/\/wgphoto.pl\/t\/index.php?rest_route=%2Fwp%2Fv2%2Fcategories&post=20942"},{"taxonomy":"post_tag","embeddable":true,"href":"https:\/\/wgphoto.pl\/t\/index.php?rest_route=%2Fwp%2Fv2%2Ftags&post=20942"}],"curies":[{"name":"wp","href":"https:\/\/api.w.org\/{rel}","templated":true}]}}