{"id":20950,"date":"2025-07-28T10:45:37","date_gmt":"2025-07-28T08:45:37","guid":{"rendered":"https:\/\/wgphoto.pl\/t\/?p=20950"},"modified":"2025-07-28T10:45:37","modified_gmt":"2025-07-28T08:45:37","slug":"eso-na-eskach","status":"publish","type":"post","link":"https:\/\/wgphoto.pl\/t\/?p=20950","title":{"rendered":"Eso na &#8222;eskach&#8221;"},"content":{"rendered":"\n<figure class=\"wp-block-image aligncenter size-full\"><img loading=\"lazy\" decoding=\"async\" width=\"1299\" height=\"882\" src=\"https:\/\/wgphoto.pl\/t\/wp-content\/uploads\/2025\/07\/IMGP0282-1.jpg\" alt=\"\" class=\"wp-image-20951\" srcset=\"https:\/\/wgphoto.pl\/t\/wp-content\/uploads\/2025\/07\/IMGP0282-1.jpg 1299w, https:\/\/wgphoto.pl\/t\/wp-content\/uploads\/2025\/07\/IMGP0282-1-300x204.jpg 300w, https:\/\/wgphoto.pl\/t\/wp-content\/uploads\/2025\/07\/IMGP0282-1-768x521.jpg 768w\" sizes=\"auto, (max-width: 1299px) 100vw, 1299px\" \/><\/figure>\n\n\n\n<div class=\"wp-block-group has-global-padding is-layout-constrained wp-block-group-is-layout-constrained\">\n<p>363.055-5 z poci\u0105giem R 607 &#8222;Oh\u0159e&#8221; z Chebu do Pragi (z bezpo\u015brednim wagonem sypialnym do Moskwy za lokomotyw\u0105) jedzie kr\u0119tym szlakiem Sokolov &#8211; Nov\u00e9 Sedlo u Lokte. Poci\u0105gi pospieszne tej relacji, kursuj\u0105ce przez ca\u0142y dzie\u0144 cyklicznie co 2 godziny, na odcinku Cheb &#8211; \u00dast\u00ed nad Labem hl.n. prowadzone s\u0105 lokomotywami dwusystemowymi z uwagi na wyst\u0119puj\u0105c\u0105 w okolicach Kadania zmian\u0119 system\u00f3w zasilania. 13.04.2011<\/p>\n<\/div>\n","protected":false},"excerpt":{"rendered":"<p>363.055-5 z poci\u0105giem R 607 &#8222;Oh\u0159e&#8221; z Chebu do Pragi (z bezpo\u015brednim wagonem sypialnym do Moskwy za lokomotyw\u0105) jedzie kr\u0119tym szlakiem Sokolov &#8211; Nov\u00e9 Sedlo u Lokte. Poci\u0105gi pospieszne tej relacji, kursuj\u0105ce przez ca\u0142y dzie\u0144 cyklicznie co 2 godziny, na odcinku Cheb &#8211; \u00dast\u00ed nad Labem hl.n. prowadzone s\u0105 lokomotywami dwusystemowymi z uwagi na wyst\u0119puj\u0105c\u0105 [&hellip;]<\/p>\n","protected":false},"author":1,"featured_media":20951,"comment_status":"open","ping_status":"","sticky":false,"template":"","format":"standard","meta":{"footnotes":""},"categories":[2,77],"tags":[752,51,50,49,751,750,118,421],"class_list":["post-20950","post","type-post","status-publish","format-standard","has-post-thumbnail","hentry","category-kolej","category-rok-2011","tag-2011-04-13","tag-51","tag-cd","tag-czechy","tag-kralovske-porici","tag-nove-sedlo-u-lokte","tag-plany-i-profile","tag-tab-cz140"],"_links":{"self":[{"href":"https:\/\/wgphoto.pl\/t\/index.php?rest_route=\/wp\/v2\/posts\/20950","targetHints":{"allow":["GET"]}}],"collection":[{"href":"https:\/\/wgphoto.pl\/t\/index.php?rest_route=\/wp\/v2\/posts"}],"about":[{"href":"https:\/\/wgphoto.pl\/t\/index.php?rest_route=\/wp\/v2\/types\/post"}],"author":[{"embeddable":true,"href":"https:\/\/wgphoto.pl\/t\/index.php?rest_route=\/wp\/v2\/users\/1"}],"replies":[{"embeddable":true,"href":"https:\/\/wgphoto.pl\/t\/index.php?rest_route=%2Fwp%2Fv2%2Fcomments&post=20950"}],"version-history":[{"count":1,"href":"https:\/\/wgphoto.pl\/t\/index.php?rest_route=\/wp\/v2\/posts\/20950\/revisions"}],"predecessor-version":[{"id":20952,"href":"https:\/\/wgphoto.pl\/t\/index.php?rest_route=\/wp\/v2\/posts\/20950\/revisions\/20952"}],"wp:featuredmedia":[{"embeddable":true,"href":"https:\/\/wgphoto.pl\/t\/index.php?rest_route=\/wp\/v2\/media\/20951"}],"wp:attachment":[{"href":"https:\/\/wgphoto.pl\/t\/index.php?rest_route=%2Fwp%2Fv2%2Fmedia&parent=20950"}],"wp:term":[{"taxonomy":"category","embeddable":true,"href":"https:\/\/wgphoto.pl\/t\/index.php?rest_route=%2Fwp%2Fv2%2Fcategories&post=20950"},{"taxonomy":"post_tag","embeddable":true,"href":"https:\/\/wgphoto.pl\/t\/index.php?rest_route=%2Fwp%2Fv2%2Ftags&post=20950"}],"curies":[{"name":"wp","href":"https:\/\/api.w.org\/{rel}","templated":true}]}}