{"id":20956,"date":"2025-07-28T10:47:23","date_gmt":"2025-07-28T08:47:23","guid":{"rendered":"https:\/\/wgphoto.pl\/t\/?p=20956"},"modified":"2025-07-28T21:47:03","modified_gmt":"2025-07-28T19:47:03","slug":"bezdruzice-po-raz-trzeci","status":"publish","type":"post","link":"https:\/\/wgphoto.pl\/t\/?p=20956","title":{"rendered":"Bezdru\u017eice po raz trzeci"},"content":{"rendered":"\n<figure class=\"wp-block-image aligncenter size-full\"><img loading=\"lazy\" decoding=\"async\" width=\"1300\" height=\"870\" src=\"https:\/\/wgphoto.pl\/t\/wp-content\/uploads\/2025\/07\/IMGP0455-1.jpg\" alt=\"\" class=\"wp-image-20957\" srcset=\"https:\/\/wgphoto.pl\/t\/wp-content\/uploads\/2025\/07\/IMGP0455-1.jpg 1300w, https:\/\/wgphoto.pl\/t\/wp-content\/uploads\/2025\/07\/IMGP0455-1-300x201.jpg 300w, https:\/\/wgphoto.pl\/t\/wp-content\/uploads\/2025\/07\/IMGP0455-1-768x514.jpg 768w\" sizes=\"auto, (max-width: 1300px) 100vw, 1300px\" \/><\/figure>\n\n\n\n<p>810.670-0 przed odjazdem z Bezdru\u017eic jako poci\u0105g osobowy 27315 do P\u0148ovan. To kolejne uj\u0119cie z tej ko\u0144cowej stacyjki. 15.04.2011<\/p>\n","protected":false},"excerpt":{"rendered":"<p>810.670-0 przed odjazdem z Bezdru\u017eic jako poci\u0105g osobowy 27315 do P\u0148ovan. To kolejne uj\u0119cie z tej ko\u0144cowej stacyjki. 15.04.2011<\/p>\n","protected":false},"author":1,"featured_media":20957,"comment_status":"open","ping_status":"","sticky":false,"template":"","format":"standard","meta":{"footnotes":""},"categories":[2,77],"tags":[1954,92,2222,50,49,94,2223],"class_list":["post-20956","post","type-post","status-publish","format-standard","has-post-thumbnail","hentry","category-kolej","category-rok-2011","tag-2011-04-15","tag-92","tag-bezdruzice","tag-cd","tag-czechy","tag-na-kolejowym-koncu-swiata","tag-tab-cz177"],"_links":{"self":[{"href":"https:\/\/wgphoto.pl\/t\/index.php?rest_route=\/wp\/v2\/posts\/20956","targetHints":{"allow":["GET"]}}],"collection":[{"href":"https:\/\/wgphoto.pl\/t\/index.php?rest_route=\/wp\/v2\/posts"}],"about":[{"href":"https:\/\/wgphoto.pl\/t\/index.php?rest_route=\/wp\/v2\/types\/post"}],"author":[{"embeddable":true,"href":"https:\/\/wgphoto.pl\/t\/index.php?rest_route=\/wp\/v2\/users\/1"}],"replies":[{"embeddable":true,"href":"https:\/\/wgphoto.pl\/t\/index.php?rest_route=%2Fwp%2Fv2%2Fcomments&post=20956"}],"version-history":[{"count":3,"href":"https:\/\/wgphoto.pl\/t\/index.php?rest_route=\/wp\/v2\/posts\/20956\/revisions"}],"predecessor-version":[{"id":20975,"href":"https:\/\/wgphoto.pl\/t\/index.php?rest_route=\/wp\/v2\/posts\/20956\/revisions\/20975"}],"wp:featuredmedia":[{"embeddable":true,"href":"https:\/\/wgphoto.pl\/t\/index.php?rest_route=\/wp\/v2\/media\/20957"}],"wp:attachment":[{"href":"https:\/\/wgphoto.pl\/t\/index.php?rest_route=%2Fwp%2Fv2%2Fmedia&parent=20956"}],"wp:term":[{"taxonomy":"category","embeddable":true,"href":"https:\/\/wgphoto.pl\/t\/index.php?rest_route=%2Fwp%2Fv2%2Fcategories&post=20956"},{"taxonomy":"post_tag","embeddable":true,"href":"https:\/\/wgphoto.pl\/t\/index.php?rest_route=%2Fwp%2Fv2%2Ftags&post=20956"}],"curies":[{"name":"wp","href":"https:\/\/api.w.org\/{rel}","templated":true}]}}