{"id":2096,"date":"2024-10-08T19:40:57","date_gmt":"2024-10-08T17:40:57","guid":{"rendered":"https:\/\/wgphoto.pl\/t\/?p=2096"},"modified":"2024-10-08T19:40:57","modified_gmt":"2024-10-08T17:40:57","slug":"poranek-nad-baltykiem","status":"publish","type":"post","link":"https:\/\/wgphoto.pl\/t\/?p=2096","title":{"rendered":"Poranek nad Ba\u0142tykiem"},"content":{"rendered":"\n<figure class=\"wp-block-image aligncenter size-full\"><img loading=\"lazy\" decoding=\"async\" width=\"1200\" height=\"800\" src=\"https:\/\/wgphoto.pl\/t\/wp-content\/uploads\/2024\/10\/0520-16.jpg\" alt=\"\" class=\"wp-image-2097\" srcset=\"https:\/\/wgphoto.pl\/t\/wp-content\/uploads\/2024\/10\/0520-16.jpg 1200w, https:\/\/wgphoto.pl\/t\/wp-content\/uploads\/2024\/10\/0520-16-300x200.jpg 300w, https:\/\/wgphoto.pl\/t\/wp-content\/uploads\/2024\/10\/0520-16-768x512.jpg 768w\" sizes=\"auto, (max-width: 1200px) 100vw, 1200px\" \/><\/figure>\n\n\n\n<div class=\"wp-block-group has-global-padding is-layout-constrained wp-block-group-is-layout-constrained\">\n<p>Ku\u017anica (Hel) &#8211; Jastarnia Wczasy. SU46-041 i SU42-539 z nocnym poci\u0105giem pospiesznym 35503 relacji Krak\u00f3w P\u0142asz\u00f3w &#8211; Hel. 29.07.2005<\/p>\n<\/div>\n","protected":false},"excerpt":{"rendered":"<p>Ku\u017anica (Hel) &#8211; Jastarnia Wczasy. SU46-041 i SU42-539 z nocnym poci\u0105giem pospiesznym 35503 relacji Krak\u00f3w P\u0142asz\u00f3w &#8211; Hel. 29.07.2005<\/p>\n","protected":false},"author":1,"featured_media":2097,"comment_status":"open","ping_status":"","sticky":false,"template":"","format":"standard","meta":{"footnotes":""},"categories":[62,2,311],"tags":[1094,1092,1093,116,63,27,176,84,1095],"class_list":["post-2096","post","type-post","status-publish","format-standard","has-post-thumbnail","hentry","category-analog","category-kolej","category-rok-2005","tag-2005-07-29","tag-jastarnia-wczasy","tag-kuznica-hel","tag-morze","tag-pkp","tag-polska","tag-rano","tag-su46","tag-tab-pl450"],"_links":{"self":[{"href":"https:\/\/wgphoto.pl\/t\/index.php?rest_route=\/wp\/v2\/posts\/2096","targetHints":{"allow":["GET"]}}],"collection":[{"href":"https:\/\/wgphoto.pl\/t\/index.php?rest_route=\/wp\/v2\/posts"}],"about":[{"href":"https:\/\/wgphoto.pl\/t\/index.php?rest_route=\/wp\/v2\/types\/post"}],"author":[{"embeddable":true,"href":"https:\/\/wgphoto.pl\/t\/index.php?rest_route=\/wp\/v2\/users\/1"}],"replies":[{"embeddable":true,"href":"https:\/\/wgphoto.pl\/t\/index.php?rest_route=%2Fwp%2Fv2%2Fcomments&post=2096"}],"version-history":[{"count":1,"href":"https:\/\/wgphoto.pl\/t\/index.php?rest_route=\/wp\/v2\/posts\/2096\/revisions"}],"predecessor-version":[{"id":2098,"href":"https:\/\/wgphoto.pl\/t\/index.php?rest_route=\/wp\/v2\/posts\/2096\/revisions\/2098"}],"wp:featuredmedia":[{"embeddable":true,"href":"https:\/\/wgphoto.pl\/t\/index.php?rest_route=\/wp\/v2\/media\/2097"}],"wp:attachment":[{"href":"https:\/\/wgphoto.pl\/t\/index.php?rest_route=%2Fwp%2Fv2%2Fmedia&parent=2096"}],"wp:term":[{"taxonomy":"category","embeddable":true,"href":"https:\/\/wgphoto.pl\/t\/index.php?rest_route=%2Fwp%2Fv2%2Fcategories&post=2096"},{"taxonomy":"post_tag","embeddable":true,"href":"https:\/\/wgphoto.pl\/t\/index.php?rest_route=%2Fwp%2Fv2%2Ftags&post=2096"}],"curies":[{"name":"wp","href":"https:\/\/api.w.org\/{rel}","templated":true}]}}