{"id":20987,"date":"2025-07-28T22:07:23","date_gmt":"2025-07-28T20:07:23","guid":{"rendered":"https:\/\/wgphoto.pl\/t\/?p=20987"},"modified":"2025-07-28T22:17:24","modified_gmt":"2025-07-28T20:17:24","slug":"powrot-zieleni","status":"publish","type":"post","link":"https:\/\/wgphoto.pl\/t\/?p=20987","title":{"rendered":"Powr\u00f3t zieleni"},"content":{"rendered":"\n<figure class=\"wp-block-image aligncenter size-full\"><img loading=\"lazy\" decoding=\"async\" width=\"1300\" height=\"839\" src=\"https:\/\/wgphoto.pl\/t\/wp-content\/uploads\/2025\/07\/2002h-03_rsn.jpg\" alt=\"\" class=\"wp-image-20988\" srcset=\"https:\/\/wgphoto.pl\/t\/wp-content\/uploads\/2025\/07\/2002h-03_rsn.jpg 1300w, https:\/\/wgphoto.pl\/t\/wp-content\/uploads\/2025\/07\/2002h-03_rsn-300x194.jpg 300w, https:\/\/wgphoto.pl\/t\/wp-content\/uploads\/2025\/07\/2002h-03_rsn-768x496.jpg 768w\" sizes=\"auto, (max-width: 1300px) 100vw, 1300px\" \/><\/figure>\n\n\n\n<div class=\"wp-block-group has-global-padding is-layout-constrained wp-block-group-is-layout-constrained\">\n<p>EU06-17 z poci\u0105giem pospiesznym 38103 &#8222;\u015awiatowid&#8221; z Przemy\u015bla do Szczecina na szlaku Podg Grabiszyn &#8211; Wroc\u0142aw Miko\u0142aj\u00f3w. By\u0142a to jedna z pierwszych lokomotyw w takich barwach, jakie pojawi\u0142y si\u0119 chwil\u0119 po zniesieniu obowi\u0105zku malowania cz\u00f3\u0142 na \u017c\u00f3\u0142to. O ile pami\u0119tam, pierwsze maszyny pochodzi\u0142y z CM Krak\u00f3w i zosta\u0142y przemalowane jeszcze w macierzystej lokomotywowni, nie za\u015b w zak\u0142adach naprawczych podczas obs\u0142ugi wy\u017cszego poziomu. 08.04.2002<\/p>\n<\/div>\n","protected":false},"excerpt":{"rendered":"<p>EU06-17 z poci\u0105giem pospiesznym 38103 &#8222;\u015awiatowid&#8221; z Przemy\u015bla do Szczecina na szlaku Podg Grabiszyn &#8211; Wroc\u0142aw Miko\u0142aj\u00f3w. By\u0142a to jedna z pierwszych lokomotyw w takich barwach, jakie pojawi\u0142y si\u0119 chwil\u0119 po zniesieniu obowi\u0105zku malowania cz\u00f3\u0142 na \u017c\u00f3\u0142to. O ile pami\u0119tam, pierwsze maszyny pochodzi\u0142y z CM Krak\u00f3w i zosta\u0142y przemalowane jeszcze w macierzystej lokomotywowni, nie za\u015b [&hellip;]<\/p>\n","protected":false},"author":1,"featured_media":20988,"comment_status":"open","ping_status":"","sticky":false,"template":"","format":"standard","meta":{"footnotes":""},"categories":[62,2,577],"tags":[4371,229,63,1544,27,190,41,4258],"class_list":["post-20987","post","type-post","status-publish","format-standard","has-post-thumbnail","hentry","category-analog","category-kolej","category-rok-2002","tag-2002-04-08","tag-eu06","tag-pkp","tag-podg-grabiszyn","tag-polska","tag-tab-pl330","tag-wroclaw","tag-wroclaw-mikolajow"],"_links":{"self":[{"href":"https:\/\/wgphoto.pl\/t\/index.php?rest_route=\/wp\/v2\/posts\/20987","targetHints":{"allow":["GET"]}}],"collection":[{"href":"https:\/\/wgphoto.pl\/t\/index.php?rest_route=\/wp\/v2\/posts"}],"about":[{"href":"https:\/\/wgphoto.pl\/t\/index.php?rest_route=\/wp\/v2\/types\/post"}],"author":[{"embeddable":true,"href":"https:\/\/wgphoto.pl\/t\/index.php?rest_route=\/wp\/v2\/users\/1"}],"replies":[{"embeddable":true,"href":"https:\/\/wgphoto.pl\/t\/index.php?rest_route=%2Fwp%2Fv2%2Fcomments&post=20987"}],"version-history":[{"count":2,"href":"https:\/\/wgphoto.pl\/t\/index.php?rest_route=\/wp\/v2\/posts\/20987\/revisions"}],"predecessor-version":[{"id":20997,"href":"https:\/\/wgphoto.pl\/t\/index.php?rest_route=\/wp\/v2\/posts\/20987\/revisions\/20997"}],"wp:featuredmedia":[{"embeddable":true,"href":"https:\/\/wgphoto.pl\/t\/index.php?rest_route=\/wp\/v2\/media\/20988"}],"wp:attachment":[{"href":"https:\/\/wgphoto.pl\/t\/index.php?rest_route=%2Fwp%2Fv2%2Fmedia&parent=20987"}],"wp:term":[{"taxonomy":"category","embeddable":true,"href":"https:\/\/wgphoto.pl\/t\/index.php?rest_route=%2Fwp%2Fv2%2Fcategories&post=20987"},{"taxonomy":"post_tag","embeddable":true,"href":"https:\/\/wgphoto.pl\/t\/index.php?rest_route=%2Fwp%2Fv2%2Ftags&post=20987"}],"curies":[{"name":"wp","href":"https:\/\/api.w.org\/{rel}","templated":true}]}}