{"id":2099,"date":"2024-10-08T19:42:14","date_gmt":"2024-10-08T17:42:14","guid":{"rendered":"https:\/\/wgphoto.pl\/t\/?p=2099"},"modified":"2024-10-08T19:42:14","modified_gmt":"2024-10-08T17:42:14","slug":"protram-i-nysa","status":"publish","type":"post","link":"https:\/\/wgphoto.pl\/t\/?p=2099","title":{"rendered":"Protram i Nysa"},"content":{"rendered":"\n<figure class=\"wp-block-image aligncenter size-full\"><img loading=\"lazy\" decoding=\"async\" width=\"1200\" height=\"803\" src=\"https:\/\/wgphoto.pl\/t\/wp-content\/uploads\/2024\/10\/IMGP1313.jpg\" alt=\"\" class=\"wp-image-2100\" srcset=\"https:\/\/wgphoto.pl\/t\/wp-content\/uploads\/2024\/10\/IMGP1313.jpg 1200w, https:\/\/wgphoto.pl\/t\/wp-content\/uploads\/2024\/10\/IMGP1313-300x201.jpg 300w, https:\/\/wgphoto.pl\/t\/wp-content\/uploads\/2024\/10\/IMGP1313-768x514.jpg 768w\" sizes=\"auto, (max-width: 1200px) 100vw, 1200px\" \/><\/figure>\n\n\n\n<div class=\"wp-block-group has-global-padding is-layout-constrained wp-block-group-is-layout-constrained\">\n<p>Wroc\u0142aw, teren zajezdni nr V. (Prawie) wszystkie Protramy nocowa\u0142y w\u00f3wczas w tym miejscu celem zapewnienia obs\u0142ugi wahad\u0142a z Pilczyc na Robotnicz\u0105 w czasie remontu odcinka ul. Legnickiej ko\u0142o Dolmedu. 14.06.2011<\/p>\n<\/div>\n","protected":false},"excerpt":{"rendered":"<p>Wroc\u0142aw, teren zajezdni nr V. (Prawie) wszystkie Protramy nocowa\u0142y w\u00f3wczas w tym miejscu celem zapewnienia obs\u0142ugi wahad\u0142a z Pilczyc na Robotnicz\u0105 w czasie remontu odcinka ul. Legnickiej ko\u0142o Dolmedu. 14.06.2011<\/p>\n","protected":false},"author":1,"featured_media":2100,"comment_status":"open","ping_status":"","sticky":false,"template":"","format":"standard","meta":{"footnotes":""},"categories":[77,3],"tags":[1097,418,91,42,27,1096,176,41,138],"class_list":["post-2099","post","type-post","status-publish","format-standard","has-post-thumbnail","hentry","category-rok-2011","category-tramwaj","tag-2011-06-14","tag-auto","tag-blue-hour","tag-mpk-wroclaw","tag-polska","tag-protram-205wras","tag-rano","tag-wroclaw","tag-zajezdnia"],"_links":{"self":[{"href":"https:\/\/wgphoto.pl\/t\/index.php?rest_route=\/wp\/v2\/posts\/2099","targetHints":{"allow":["GET"]}}],"collection":[{"href":"https:\/\/wgphoto.pl\/t\/index.php?rest_route=\/wp\/v2\/posts"}],"about":[{"href":"https:\/\/wgphoto.pl\/t\/index.php?rest_route=\/wp\/v2\/types\/post"}],"author":[{"embeddable":true,"href":"https:\/\/wgphoto.pl\/t\/index.php?rest_route=\/wp\/v2\/users\/1"}],"replies":[{"embeddable":true,"href":"https:\/\/wgphoto.pl\/t\/index.php?rest_route=%2Fwp%2Fv2%2Fcomments&post=2099"}],"version-history":[{"count":1,"href":"https:\/\/wgphoto.pl\/t\/index.php?rest_route=\/wp\/v2\/posts\/2099\/revisions"}],"predecessor-version":[{"id":2101,"href":"https:\/\/wgphoto.pl\/t\/index.php?rest_route=\/wp\/v2\/posts\/2099\/revisions\/2101"}],"wp:featuredmedia":[{"embeddable":true,"href":"https:\/\/wgphoto.pl\/t\/index.php?rest_route=\/wp\/v2\/media\/2100"}],"wp:attachment":[{"href":"https:\/\/wgphoto.pl\/t\/index.php?rest_route=%2Fwp%2Fv2%2Fmedia&parent=2099"}],"wp:term":[{"taxonomy":"category","embeddable":true,"href":"https:\/\/wgphoto.pl\/t\/index.php?rest_route=%2Fwp%2Fv2%2Fcategories&post=2099"},{"taxonomy":"post_tag","embeddable":true,"href":"https:\/\/wgphoto.pl\/t\/index.php?rest_route=%2Fwp%2Fv2%2Ftags&post=2099"}],"curies":[{"name":"wp","href":"https:\/\/api.w.org\/{rel}","templated":true}]}}