{"id":21016,"date":"2025-07-28T22:31:45","date_gmt":"2025-07-28T20:31:45","guid":{"rendered":"https:\/\/wgphoto.pl\/t\/?p=21016"},"modified":"2025-07-28T22:31:45","modified_gmt":"2025-07-28T20:31:45","slug":"adlerem-do-orpheum","status":"publish","type":"post","link":"https:\/\/wgphoto.pl\/t\/?p=21016","title":{"rendered":"Adlerem do Orpheum"},"content":{"rendered":"\n<figure class=\"wp-block-image aligncenter size-full\"><img loading=\"lazy\" decoding=\"async\" width=\"1300\" height=\"861\" src=\"https:\/\/wgphoto.pl\/t\/wp-content\/uploads\/2025\/07\/IMGP6573.jpg\" alt=\"\" class=\"wp-image-21017\" srcset=\"https:\/\/wgphoto.pl\/t\/wp-content\/uploads\/2025\/07\/IMGP6573.jpg 1300w, https:\/\/wgphoto.pl\/t\/wp-content\/uploads\/2025\/07\/IMGP6573-300x199.jpg 300w, https:\/\/wgphoto.pl\/t\/wp-content\/uploads\/2025\/07\/IMGP6573-768x509.jpg 768w\" sizes=\"auto, (max-width: 1300px) 100vw, 1300px\" \/><\/figure>\n\n\n\n<div class=\"wp-block-group has-global-padding is-layout-constrained wp-block-group-is-layout-constrained\">\n<p>Norymberga, Johannisstra\u00dfe. GT8N2 1113 mija Orpheum, dawne kino, obecnie sal\u0119 koncertow\u0105. Tramwaj posiada oklein\u0119 nawi\u0105zuj\u0105c\u0105 do lokomotywy Adler, kt\u00f3ra od 1835 kursowa\u0142a pomi\u0119dzy Norymberg\u0105 a pobliskim F\u00fcrth. 22.10.2019<\/p>\n<\/div>\n","protected":false},"excerpt":{"rendered":"<p>Norymberga, Johannisstra\u00dfe. GT8N2 1113 mija Orpheum, dawne kino, obecnie sal\u0119 koncertow\u0105. Tramwaj posiada oklein\u0119 nawi\u0105zuj\u0105c\u0105 do lokomotywy Adler, kt\u00f3ra od 1835 kursowa\u0142a pomi\u0119dzy Norymberg\u0105 a pobliskim F\u00fcrth. 22.10.2019<\/p>\n","protected":false},"author":1,"featured_media":21017,"comment_status":"open","ping_status":"","sticky":false,"template":"","format":"standard","meta":{"footnotes":""},"categories":[136,3],"tags":[1302,34,1265,23,1303,1304,575],"class_list":["post-21016","post","type-post","status-publish","format-standard","has-post-thumbnail","hentry","category-rok-2019","category-tramwaj","tag-2019-10-22","tag-architektura","tag-gtxn","tag-niemcy","tag-norymberga","tag-vag-nurnberg","tag-wakacje-2019"],"_links":{"self":[{"href":"https:\/\/wgphoto.pl\/t\/index.php?rest_route=\/wp\/v2\/posts\/21016","targetHints":{"allow":["GET"]}}],"collection":[{"href":"https:\/\/wgphoto.pl\/t\/index.php?rest_route=\/wp\/v2\/posts"}],"about":[{"href":"https:\/\/wgphoto.pl\/t\/index.php?rest_route=\/wp\/v2\/types\/post"}],"author":[{"embeddable":true,"href":"https:\/\/wgphoto.pl\/t\/index.php?rest_route=\/wp\/v2\/users\/1"}],"replies":[{"embeddable":true,"href":"https:\/\/wgphoto.pl\/t\/index.php?rest_route=%2Fwp%2Fv2%2Fcomments&post=21016"}],"version-history":[{"count":1,"href":"https:\/\/wgphoto.pl\/t\/index.php?rest_route=\/wp\/v2\/posts\/21016\/revisions"}],"predecessor-version":[{"id":21018,"href":"https:\/\/wgphoto.pl\/t\/index.php?rest_route=\/wp\/v2\/posts\/21016\/revisions\/21018"}],"wp:featuredmedia":[{"embeddable":true,"href":"https:\/\/wgphoto.pl\/t\/index.php?rest_route=\/wp\/v2\/media\/21017"}],"wp:attachment":[{"href":"https:\/\/wgphoto.pl\/t\/index.php?rest_route=%2Fwp%2Fv2%2Fmedia&parent=21016"}],"wp:term":[{"taxonomy":"category","embeddable":true,"href":"https:\/\/wgphoto.pl\/t\/index.php?rest_route=%2Fwp%2Fv2%2Fcategories&post=21016"},{"taxonomy":"post_tag","embeddable":true,"href":"https:\/\/wgphoto.pl\/t\/index.php?rest_route=%2Fwp%2Fv2%2Ftags&post=21016"}],"curies":[{"name":"wp","href":"https:\/\/api.w.org\/{rel}","templated":true}]}}