{"id":21019,"date":"2025-07-28T22:32:58","date_gmt":"2025-07-28T20:32:58","guid":{"rendered":"https:\/\/wgphoto.pl\/t\/?p=21019"},"modified":"2025-07-28T22:33:41","modified_gmt":"2025-07-28T20:33:41","slug":"bywalo-piekniej","status":"publish","type":"post","link":"https:\/\/wgphoto.pl\/t\/?p=21019","title":{"rendered":"Bywa\u0142o pi\u0119kniej"},"content":{"rendered":"\n<figure class=\"wp-block-image aligncenter size-full\"><img loading=\"lazy\" decoding=\"async\" width=\"1200\" height=\"795\" src=\"https:\/\/wgphoto.pl\/t\/wp-content\/uploads\/2025\/07\/IMGP5943.jpg\" alt=\"\" class=\"wp-image-21020\" srcset=\"https:\/\/wgphoto.pl\/t\/wp-content\/uploads\/2025\/07\/IMGP5943.jpg 1200w, https:\/\/wgphoto.pl\/t\/wp-content\/uploads\/2025\/07\/IMGP5943-300x199.jpg 300w, https:\/\/wgphoto.pl\/t\/wp-content\/uploads\/2025\/07\/IMGP5943-768x509.jpg 768w\" sizes=\"auto, (max-width: 1200px) 100vw, 1200px\" \/><\/figure>\n\n\n\n<div class=\"wp-block-group has-global-padding is-layout-constrained wp-block-group-is-layout-constrained\">\n<p>Bombardier Movia linii M1 wje\u017cd\u017ca na stacj\u0119 przy dworcu p\u00f3\u0142nocnym (g\u0142\u00f3wnym) w Bukareszcie. Miejscowe metro nie jest zbyt urodziwe. 18.10.2019<\/p>\n<\/div>\n","protected":false},"excerpt":{"rendered":"<p>Bombardier Movia linii M1 wje\u017cd\u017ca na stacj\u0119 przy dworcu p\u00f3\u0142nocnym (g\u0142\u00f3wnym) w Bukareszcie. Miejscowe metro nie jest zbyt urodziwe. 18.10.2019<\/p>\n","protected":false},"author":1,"featured_media":21020,"comment_status":"open","ping_status":"","sticky":false,"template":"","format":"standard","meta":{"footnotes":""},"categories":[4,136],"tags":[963,965,4025,574,15,575],"class_list":["post-21019","post","type-post","status-publish","format-standard","has-post-thumbnail","hentry","category-metro","category-rok-2019","tag-2019-10-18","tag-bukareszt","tag-metro-bukareszt","tag-rumunia","tag-tunel","tag-wakacje-2019"],"_links":{"self":[{"href":"https:\/\/wgphoto.pl\/t\/index.php?rest_route=\/wp\/v2\/posts\/21019","targetHints":{"allow":["GET"]}}],"collection":[{"href":"https:\/\/wgphoto.pl\/t\/index.php?rest_route=\/wp\/v2\/posts"}],"about":[{"href":"https:\/\/wgphoto.pl\/t\/index.php?rest_route=\/wp\/v2\/types\/post"}],"author":[{"embeddable":true,"href":"https:\/\/wgphoto.pl\/t\/index.php?rest_route=\/wp\/v2\/users\/1"}],"replies":[{"embeddable":true,"href":"https:\/\/wgphoto.pl\/t\/index.php?rest_route=%2Fwp%2Fv2%2Fcomments&post=21019"}],"version-history":[{"count":1,"href":"https:\/\/wgphoto.pl\/t\/index.php?rest_route=\/wp\/v2\/posts\/21019\/revisions"}],"predecessor-version":[{"id":21021,"href":"https:\/\/wgphoto.pl\/t\/index.php?rest_route=\/wp\/v2\/posts\/21019\/revisions\/21021"}],"wp:featuredmedia":[{"embeddable":true,"href":"https:\/\/wgphoto.pl\/t\/index.php?rest_route=\/wp\/v2\/media\/21020"}],"wp:attachment":[{"href":"https:\/\/wgphoto.pl\/t\/index.php?rest_route=%2Fwp%2Fv2%2Fmedia&parent=21019"}],"wp:term":[{"taxonomy":"category","embeddable":true,"href":"https:\/\/wgphoto.pl\/t\/index.php?rest_route=%2Fwp%2Fv2%2Fcategories&post=21019"},{"taxonomy":"post_tag","embeddable":true,"href":"https:\/\/wgphoto.pl\/t\/index.php?rest_route=%2Fwp%2Fv2%2Ftags&post=21019"}],"curies":[{"name":"wp","href":"https:\/\/api.w.org\/{rel}","templated":true}]}}