{"id":21043,"date":"2025-07-29T00:55:45","date_gmt":"2025-07-28T22:55:45","guid":{"rendered":"https:\/\/wgphoto.pl\/t\/?p=21043"},"modified":"2025-07-29T22:22:16","modified_gmt":"2025-07-29T20:22:16","slug":"jeszcze-wczesnie","status":"publish","type":"post","link":"https:\/\/wgphoto.pl\/t\/?p=21043","title":{"rendered":"Jeszcze wcze\u015bnie"},"content":{"rendered":"\n<figure class=\"wp-block-image aligncenter size-full\"><img loading=\"lazy\" decoding=\"async\" width=\"1400\" height=\"927\" src=\"https:\/\/wgphoto.pl\/t\/wp-content\/uploads\/2025\/07\/IMGP0467.jpg\" alt=\"\" class=\"wp-image-21044\" srcset=\"https:\/\/wgphoto.pl\/t\/wp-content\/uploads\/2025\/07\/IMGP0467.jpg 1400w, https:\/\/wgphoto.pl\/t\/wp-content\/uploads\/2025\/07\/IMGP0467-300x199.jpg 300w, https:\/\/wgphoto.pl\/t\/wp-content\/uploads\/2025\/07\/IMGP0467-768x509.jpg 768w\" sizes=\"auto, (max-width: 1400px) 100vw, 1400px\" \/><\/figure>\n\n\n\n<div class=\"wp-block-group has-global-padding is-layout-constrained wp-block-group-is-layout-constrained\">\n<p>Brno, n\u00e1m\u011bst\u00ed Svobody. \u0160koda 13T 1935 przemyka wczesnym rankiem przez pusty jeszcze deptak. 11.11.2022<\/p>\n<\/div>\n","protected":false},"excerpt":{"rendered":"<p>Brno, n\u00e1m\u011bst\u00ed Svobody. \u0160koda 13T 1935 przemyka wczesnym rankiem przez pusty jeszcze deptak. 11.11.2022<\/p>\n","protected":false},"author":1,"featured_media":21044,"comment_status":"open","ping_status":"","sticky":false,"template":"","format":"standard","meta":{"footnotes":""},"categories":[669,3],"tags":[4021,328,49,239,330,3729,176,2289,216],"class_list":["post-21043","post","type-post","status-publish","format-standard","has-post-thumbnail","hentry","category-rok-2022","category-tramwaj","tag-2022-11-11","tag-brno","tag-czechy","tag-deptak","tag-dpmb-brno","tag-morawy-2022","tag-rano","tag-skoda-13t","tag-skoda-elektra"],"_links":{"self":[{"href":"https:\/\/wgphoto.pl\/t\/index.php?rest_route=\/wp\/v2\/posts\/21043","targetHints":{"allow":["GET"]}}],"collection":[{"href":"https:\/\/wgphoto.pl\/t\/index.php?rest_route=\/wp\/v2\/posts"}],"about":[{"href":"https:\/\/wgphoto.pl\/t\/index.php?rest_route=\/wp\/v2\/types\/post"}],"author":[{"embeddable":true,"href":"https:\/\/wgphoto.pl\/t\/index.php?rest_route=\/wp\/v2\/users\/1"}],"replies":[{"embeddable":true,"href":"https:\/\/wgphoto.pl\/t\/index.php?rest_route=%2Fwp%2Fv2%2Fcomments&post=21043"}],"version-history":[{"count":1,"href":"https:\/\/wgphoto.pl\/t\/index.php?rest_route=\/wp\/v2\/posts\/21043\/revisions"}],"predecessor-version":[{"id":21045,"href":"https:\/\/wgphoto.pl\/t\/index.php?rest_route=\/wp\/v2\/posts\/21043\/revisions\/21045"}],"wp:featuredmedia":[{"embeddable":true,"href":"https:\/\/wgphoto.pl\/t\/index.php?rest_route=\/wp\/v2\/media\/21044"}],"wp:attachment":[{"href":"https:\/\/wgphoto.pl\/t\/index.php?rest_route=%2Fwp%2Fv2%2Fmedia&parent=21043"}],"wp:term":[{"taxonomy":"category","embeddable":true,"href":"https:\/\/wgphoto.pl\/t\/index.php?rest_route=%2Fwp%2Fv2%2Fcategories&post=21043"},{"taxonomy":"post_tag","embeddable":true,"href":"https:\/\/wgphoto.pl\/t\/index.php?rest_route=%2Fwp%2Fv2%2Ftags&post=21043"}],"curies":[{"name":"wp","href":"https:\/\/api.w.org\/{rel}","templated":true}]}}