{"id":21049,"date":"2025-07-29T00:57:39","date_gmt":"2025-07-28T22:57:39","guid":{"rendered":"https:\/\/wgphoto.pl\/t\/?p=21049"},"modified":"2025-07-29T00:57:39","modified_gmt":"2025-07-28T22:57:39","slug":"na-oko-weziej","status":"publish","type":"post","link":"https:\/\/wgphoto.pl\/t\/?p=21049","title":{"rendered":"Na oko w\u0119ziej"},"content":{"rendered":"\n<figure class=\"wp-block-image aligncenter size-full\"><img loading=\"lazy\" decoding=\"async\" width=\"1400\" height=\"927\" src=\"https:\/\/wgphoto.pl\/t\/wp-content\/uploads\/2025\/07\/IMGP3505.jpg\" alt=\"\" class=\"wp-image-21050\" srcset=\"https:\/\/wgphoto.pl\/t\/wp-content\/uploads\/2025\/07\/IMGP3505.jpg 1400w, https:\/\/wgphoto.pl\/t\/wp-content\/uploads\/2025\/07\/IMGP3505-300x199.jpg 300w, https:\/\/wgphoto.pl\/t\/wp-content\/uploads\/2025\/07\/IMGP3505-768x509.jpg 768w\" sizes=\"auto, (max-width: 1400px) 100vw, 1400px\" \/><\/figure>\n\n\n\n<div class=\"wp-block-group has-global-padding is-layout-constrained wp-block-group-is-layout-constrained\">\n<p>Poczdam, Heinrich-Mann-Allee. Combino nr 403 jedzie w kierunku Kirchsteigfeld odcinkiem, kt\u00f3ry posiada wyra\u017anie mniejszy rozstaw osi tor\u00f3w od spotykanego powszechnie w Polsce, gdzie zazwyczaj, na oko, odleg\u0142o\u015b\u0107 pomi\u0119dzy lewymi szynami dla ka\u017cdego kierunku jest zbli\u017cona do 1435 mm. Tak ma\u0142y rozstaw osi tor\u00f3w znany mi jest natomiast z torowisk przedwojennych, kt\u00f3re le\u017c\u0105 we Wroc\u0142awiu do dzi\u015b na ulicach Ko\u015bciuszki czy Teatralnej. 16.09.2021<\/p>\n<\/div>\n","protected":false},"excerpt":{"rendered":"<p>Poczdam, Heinrich-Mann-Allee. Combino nr 403 jedzie w kierunku Kirchsteigfeld odcinkiem, kt\u00f3ry posiada wyra\u017anie mniejszy rozstaw osi tor\u00f3w od spotykanego powszechnie w Polsce, gdzie zazwyczaj, na oko, odleg\u0142o\u015b\u0107 pomi\u0119dzy lewymi szynami dla ka\u017cdego kierunku jest zbli\u017cona do 1435 mm. Tak ma\u0142y rozstaw osi tor\u00f3w znany mi jest natomiast z torowisk przedwojennych, kt\u00f3re le\u017c\u0105 we Wroc\u0142awiu do [&hellip;]<\/p>\n","protected":false},"author":1,"featured_media":21050,"comment_status":"open","ping_status":"","sticky":false,"template":"","format":"standard","meta":{"footnotes":""},"categories":[681,3],"tags":[3964,23,2202,3048,381,3047],"class_list":["post-21049","post","type-post","status-publish","format-standard","has-post-thumbnail","hentry","category-rok-2021","category-tramwaj","tag-2021-09-16","tag-niemcy","tag-niemieckie-wakacje-2021","tag-poczdam","tag-siemens-combino","tag-vip-potsdam"],"_links":{"self":[{"href":"https:\/\/wgphoto.pl\/t\/index.php?rest_route=\/wp\/v2\/posts\/21049","targetHints":{"allow":["GET"]}}],"collection":[{"href":"https:\/\/wgphoto.pl\/t\/index.php?rest_route=\/wp\/v2\/posts"}],"about":[{"href":"https:\/\/wgphoto.pl\/t\/index.php?rest_route=\/wp\/v2\/types\/post"}],"author":[{"embeddable":true,"href":"https:\/\/wgphoto.pl\/t\/index.php?rest_route=\/wp\/v2\/users\/1"}],"replies":[{"embeddable":true,"href":"https:\/\/wgphoto.pl\/t\/index.php?rest_route=%2Fwp%2Fv2%2Fcomments&post=21049"}],"version-history":[{"count":1,"href":"https:\/\/wgphoto.pl\/t\/index.php?rest_route=\/wp\/v2\/posts\/21049\/revisions"}],"predecessor-version":[{"id":21051,"href":"https:\/\/wgphoto.pl\/t\/index.php?rest_route=\/wp\/v2\/posts\/21049\/revisions\/21051"}],"wp:featuredmedia":[{"embeddable":true,"href":"https:\/\/wgphoto.pl\/t\/index.php?rest_route=\/wp\/v2\/media\/21050"}],"wp:attachment":[{"href":"https:\/\/wgphoto.pl\/t\/index.php?rest_route=%2Fwp%2Fv2%2Fmedia&parent=21049"}],"wp:term":[{"taxonomy":"category","embeddable":true,"href":"https:\/\/wgphoto.pl\/t\/index.php?rest_route=%2Fwp%2Fv2%2Fcategories&post=21049"},{"taxonomy":"post_tag","embeddable":true,"href":"https:\/\/wgphoto.pl\/t\/index.php?rest_route=%2Fwp%2Fv2%2Ftags&post=21049"}],"curies":[{"name":"wp","href":"https:\/\/api.w.org\/{rel}","templated":true}]}}