{"id":21055,"date":"2025-07-29T01:00:07","date_gmt":"2025-07-28T23:00:07","guid":{"rendered":"https:\/\/wgphoto.pl\/t\/?p=21055"},"modified":"2025-07-29T01:01:30","modified_gmt":"2025-07-28T23:01:30","slug":"czuc-dymem-z-koksowni","status":"publish","type":"post","link":"https:\/\/wgphoto.pl\/t\/?p=21055","title":{"rendered":"Czu\u0107 dymem z koksowni"},"content":{"rendered":"\n<figure class=\"wp-block-image aligncenter size-full\"><img loading=\"lazy\" decoding=\"async\" width=\"1400\" height=\"927\" src=\"https:\/\/wgphoto.pl\/t\/wp-content\/uploads\/2025\/07\/IMGP0241.jpg\" alt=\"\" class=\"wp-image-21056\" srcset=\"https:\/\/wgphoto.pl\/t\/wp-content\/uploads\/2025\/07\/IMGP0241.jpg 1400w, https:\/\/wgphoto.pl\/t\/wp-content\/uploads\/2025\/07\/IMGP0241-300x199.jpg 300w, https:\/\/wgphoto.pl\/t\/wp-content\/uploads\/2025\/07\/IMGP0241-768x509.jpg 768w\" sizes=\"auto, (max-width: 1400px) 100vw, 1400px\" \/><\/figure>\n\n\n\n<div class=\"wp-block-group has-global-padding is-layout-constrained wp-block-group-is-layout-constrained\">\n<p>Charleroi, Chauss\u00e9e de Bruxelles. Wagon 7432 mija kamienice z jakim\u015b dawnym muralem, kt\u00f3re tworz\u0105 klimat kojarz\u0105cy si\u0119 z G\u00f3rnym \u015al\u0105skiem (zreszt\u0105 podobne resztki napis\u00f3w na czerwonej cegle <a href=\"https:\/\/wgphoto.pl\/t\/?p=11451\" data-type=\"link\" data-id=\"https:\/\/wgphoto.pl\/t\/?p=11451\">sfotografowa\u0142em kiedy\u015b w Lipinach<\/a>). 14.08.2018<\/p>\n<\/div>\n","protected":false},"excerpt":{"rendered":"<p>Charleroi, Chauss\u00e9e de Bruxelles. Wagon 7432 mija kamienice z jakim\u015b dawnym muralem, kt\u00f3re tworz\u0105 klimat kojarz\u0105cy si\u0119 z G\u00f3rnym \u015al\u0105skiem (zreszt\u0105 podobne resztki napis\u00f3w na czerwonej cegle sfotografowa\u0142em kiedy\u015b w Lipinach). 14.08.2018<\/p>\n","protected":false},"author":1,"featured_media":21056,"comment_status":"open","ping_status":"","sticky":false,"template":"","format":"standard","meta":{"footnotes":""},"categories":[156,3],"tags":[1216,34,695,696,814,812,1827,813],"class_list":["post-21055","post","type-post","status-publish","format-standard","has-post-thumbnail","hentry","category-rok-2018","category-tramwaj","tag-2018-08-14","tag-architektura","tag-belgia","tag-belgia-2018","tag-bn-lrv","tag-charleroi","tag-mural","tag-tec-charleroi"],"_links":{"self":[{"href":"https:\/\/wgphoto.pl\/t\/index.php?rest_route=\/wp\/v2\/posts\/21055","targetHints":{"allow":["GET"]}}],"collection":[{"href":"https:\/\/wgphoto.pl\/t\/index.php?rest_route=\/wp\/v2\/posts"}],"about":[{"href":"https:\/\/wgphoto.pl\/t\/index.php?rest_route=\/wp\/v2\/types\/post"}],"author":[{"embeddable":true,"href":"https:\/\/wgphoto.pl\/t\/index.php?rest_route=\/wp\/v2\/users\/1"}],"replies":[{"embeddable":true,"href":"https:\/\/wgphoto.pl\/t\/index.php?rest_route=%2Fwp%2Fv2%2Fcomments&post=21055"}],"version-history":[{"count":2,"href":"https:\/\/wgphoto.pl\/t\/index.php?rest_route=\/wp\/v2\/posts\/21055\/revisions"}],"predecessor-version":[{"id":21058,"href":"https:\/\/wgphoto.pl\/t\/index.php?rest_route=\/wp\/v2\/posts\/21055\/revisions\/21058"}],"wp:featuredmedia":[{"embeddable":true,"href":"https:\/\/wgphoto.pl\/t\/index.php?rest_route=\/wp\/v2\/media\/21056"}],"wp:attachment":[{"href":"https:\/\/wgphoto.pl\/t\/index.php?rest_route=%2Fwp%2Fv2%2Fmedia&parent=21055"}],"wp:term":[{"taxonomy":"category","embeddable":true,"href":"https:\/\/wgphoto.pl\/t\/index.php?rest_route=%2Fwp%2Fv2%2Fcategories&post=21055"},{"taxonomy":"post_tag","embeddable":true,"href":"https:\/\/wgphoto.pl\/t\/index.php?rest_route=%2Fwp%2Fv2%2Ftags&post=21055"}],"curies":[{"name":"wp","href":"https:\/\/api.w.org\/{rel}","templated":true}]}}