{"id":21059,"date":"2025-07-29T10:51:00","date_gmt":"2025-07-29T08:51:00","guid":{"rendered":"https:\/\/wgphoto.pl\/t\/?p=21059"},"modified":"2025-07-29T10:51:00","modified_gmt":"2025-07-29T08:51:00","slug":"et22-246","status":"publish","type":"post","link":"https:\/\/wgphoto.pl\/t\/?p=21059","title":{"rendered":"ET22-246"},"content":{"rendered":"\n<figure class=\"wp-block-image aligncenter size-full\"><img loading=\"lazy\" decoding=\"async\" width=\"1300\" height=\"850\" src=\"https:\/\/wgphoto.pl\/t\/wp-content\/uploads\/2025\/07\/0609-37_rsn.jpg\" alt=\"\" class=\"wp-image-21060\" srcset=\"https:\/\/wgphoto.pl\/t\/wp-content\/uploads\/2025\/07\/0609-37_rsn.jpg 1300w, https:\/\/wgphoto.pl\/t\/wp-content\/uploads\/2025\/07\/0609-37_rsn-300x196.jpg 300w, https:\/\/wgphoto.pl\/t\/wp-content\/uploads\/2025\/07\/0609-37_rsn-768x502.jpg 768w\" sizes=\"auto, (max-width: 1300px) 100vw, 1300px\" \/><\/figure>\n\n\n\n<div class=\"wp-block-group has-global-padding is-layout-constrained wp-block-group-is-layout-constrained\">\n<p>ET22-246 z poci\u0105giem osobowym 76938 relacji Konin &#8211; Wroc\u0142aw G\u0142\u00f3wny mija Podg Grabiszyn i za par\u0119 minut zamelduje si\u0119 na stacji ko\u0144cowej. 03.06.2006<\/p>\n<\/div>\n","protected":false},"excerpt":{"rendered":"<p>ET22-246 z poci\u0105giem osobowym 76938 relacji Konin &#8211; Wroc\u0142aw G\u0142\u00f3wny mija Podg Grabiszyn i za par\u0119 minut zamelduje si\u0119 na stacji ko\u0144cowej. 03.06.2006<\/p>\n","protected":false},"author":1,"featured_media":21060,"comment_status":"open","ping_status":"","sticky":false,"template":"","format":"standard","meta":{"footnotes":""},"categories":[62,2,130],"tags":[4376,26,113,63,1544,27,190,41],"class_list":["post-21059","post","type-post","status-publish","format-standard","has-post-thumbnail","hentry","category-analog","category-kolej","category-rok-2006","tag-2006-06-03","tag-et22","tag-landszaft","tag-pkp","tag-podg-grabiszyn","tag-polska","tag-tab-pl330","tag-wroclaw"],"_links":{"self":[{"href":"https:\/\/wgphoto.pl\/t\/index.php?rest_route=\/wp\/v2\/posts\/21059","targetHints":{"allow":["GET"]}}],"collection":[{"href":"https:\/\/wgphoto.pl\/t\/index.php?rest_route=\/wp\/v2\/posts"}],"about":[{"href":"https:\/\/wgphoto.pl\/t\/index.php?rest_route=\/wp\/v2\/types\/post"}],"author":[{"embeddable":true,"href":"https:\/\/wgphoto.pl\/t\/index.php?rest_route=\/wp\/v2\/users\/1"}],"replies":[{"embeddable":true,"href":"https:\/\/wgphoto.pl\/t\/index.php?rest_route=%2Fwp%2Fv2%2Fcomments&post=21059"}],"version-history":[{"count":1,"href":"https:\/\/wgphoto.pl\/t\/index.php?rest_route=\/wp\/v2\/posts\/21059\/revisions"}],"predecessor-version":[{"id":21061,"href":"https:\/\/wgphoto.pl\/t\/index.php?rest_route=\/wp\/v2\/posts\/21059\/revisions\/21061"}],"wp:featuredmedia":[{"embeddable":true,"href":"https:\/\/wgphoto.pl\/t\/index.php?rest_route=\/wp\/v2\/media\/21060"}],"wp:attachment":[{"href":"https:\/\/wgphoto.pl\/t\/index.php?rest_route=%2Fwp%2Fv2%2Fmedia&parent=21059"}],"wp:term":[{"taxonomy":"category","embeddable":true,"href":"https:\/\/wgphoto.pl\/t\/index.php?rest_route=%2Fwp%2Fv2%2Fcategories&post=21059"},{"taxonomy":"post_tag","embeddable":true,"href":"https:\/\/wgphoto.pl\/t\/index.php?rest_route=%2Fwp%2Fv2%2Ftags&post=21059"}],"curies":[{"name":"wp","href":"https:\/\/api.w.org\/{rel}","templated":true}]}}