{"id":21062,"date":"2025-07-29T10:51:56","date_gmt":"2025-07-29T08:51:56","guid":{"rendered":"https:\/\/wgphoto.pl\/t\/?p=21062"},"modified":"2025-07-29T10:51:56","modified_gmt":"2025-07-29T08:51:56","slug":"ponad-koszycami-tylko-niebo","status":"publish","type":"post","link":"https:\/\/wgphoto.pl\/t\/?p=21062","title":{"rendered":"Ponad Koszycami tylko niebo"},"content":{"rendered":"\n<figure class=\"wp-block-image aligncenter size-full\"><img loading=\"lazy\" decoding=\"async\" width=\"1300\" height=\"861\" src=\"https:\/\/wgphoto.pl\/t\/wp-content\/uploads\/2025\/07\/IMGP9490.jpg\" alt=\"\" class=\"wp-image-21063\" srcset=\"https:\/\/wgphoto.pl\/t\/wp-content\/uploads\/2025\/07\/IMGP9490.jpg 1300w, https:\/\/wgphoto.pl\/t\/wp-content\/uploads\/2025\/07\/IMGP9490-300x199.jpg 300w, https:\/\/wgphoto.pl\/t\/wp-content\/uploads\/2025\/07\/IMGP9490-768x509.jpg 768w\" sizes=\"auto, (max-width: 1300px) 100vw, 1300px\" \/><\/figure>\n\n\n\n<div class=\"wp-block-group has-global-padding is-layout-constrained wp-block-group-is-layout-constrained\">\n<p>Koszyce, Stani\u010dn\u00e9 n\u00e1mestie, wagony Pragoimex Vario LF2+ nr 824 i 828 na p\u0119tli pod dworcem kolejowym. 13.08.2020<\/p>\n<\/div>\n","protected":false},"excerpt":{"rendered":"<p>Koszyce, Stani\u010dn\u00e9 n\u00e1mestie, wagony Pragoimex Vario LF2+ nr 824 i 828 na p\u0119tli pod dworcem kolejowym. 13.08.2020<\/p>\n","protected":false},"author":1,"featured_media":21063,"comment_status":"open","ping_status":"","sticky":false,"template":"","format":"standard","meta":{"footnotes":""},"categories":[676,3],"tags":[2469,1359,1358,162,678,675,380,1243],"class_list":["post-21062","post","type-post","status-publish","format-standard","has-post-thumbnail","hentry","category-rok-2020","category-tramwaj","tag-2020-08-13","tag-dpmk-kosice","tag-koszyce","tag-niebo","tag-slovensko-uhersko-2020","tag-slowacja","tag-spod-dworca","tag-vario-lf"],"_links":{"self":[{"href":"https:\/\/wgphoto.pl\/t\/index.php?rest_route=\/wp\/v2\/posts\/21062","targetHints":{"allow":["GET"]}}],"collection":[{"href":"https:\/\/wgphoto.pl\/t\/index.php?rest_route=\/wp\/v2\/posts"}],"about":[{"href":"https:\/\/wgphoto.pl\/t\/index.php?rest_route=\/wp\/v2\/types\/post"}],"author":[{"embeddable":true,"href":"https:\/\/wgphoto.pl\/t\/index.php?rest_route=\/wp\/v2\/users\/1"}],"replies":[{"embeddable":true,"href":"https:\/\/wgphoto.pl\/t\/index.php?rest_route=%2Fwp%2Fv2%2Fcomments&post=21062"}],"version-history":[{"count":1,"href":"https:\/\/wgphoto.pl\/t\/index.php?rest_route=\/wp\/v2\/posts\/21062\/revisions"}],"predecessor-version":[{"id":21064,"href":"https:\/\/wgphoto.pl\/t\/index.php?rest_route=\/wp\/v2\/posts\/21062\/revisions\/21064"}],"wp:featuredmedia":[{"embeddable":true,"href":"https:\/\/wgphoto.pl\/t\/index.php?rest_route=\/wp\/v2\/media\/21063"}],"wp:attachment":[{"href":"https:\/\/wgphoto.pl\/t\/index.php?rest_route=%2Fwp%2Fv2%2Fmedia&parent=21062"}],"wp:term":[{"taxonomy":"category","embeddable":true,"href":"https:\/\/wgphoto.pl\/t\/index.php?rest_route=%2Fwp%2Fv2%2Fcategories&post=21062"},{"taxonomy":"post_tag","embeddable":true,"href":"https:\/\/wgphoto.pl\/t\/index.php?rest_route=%2Fwp%2Fv2%2Ftags&post=21062"}],"curies":[{"name":"wp","href":"https:\/\/api.w.org\/{rel}","templated":true}]}}