{"id":21065,"date":"2025-07-29T10:52:51","date_gmt":"2025-07-29T08:52:51","guid":{"rendered":"https:\/\/wgphoto.pl\/t\/?p=21065"},"modified":"2025-07-29T10:52:51","modified_gmt":"2025-07-29T08:52:51","slug":"ponad-straznicami-tylko-niebo","status":"publish","type":"post","link":"https:\/\/wgphoto.pl\/t\/?p=21065","title":{"rendered":"Ponad Str\u00e1\u017enicami tylko niebo"},"content":{"rendered":"\n<figure class=\"wp-block-image aligncenter size-full\"><img loading=\"lazy\" decoding=\"async\" width=\"1300\" height=\"861\" src=\"https:\/\/wgphoto.pl\/t\/wp-content\/uploads\/2025\/07\/IMGP9941-1.jpg\" alt=\"\" class=\"wp-image-21066\" srcset=\"https:\/\/wgphoto.pl\/t\/wp-content\/uploads\/2025\/07\/IMGP9941-1.jpg 1300w, https:\/\/wgphoto.pl\/t\/wp-content\/uploads\/2025\/07\/IMGP9941-1-300x199.jpg 300w, https:\/\/wgphoto.pl\/t\/wp-content\/uploads\/2025\/07\/IMGP9941-1-768x509.jpg 768w\" sizes=\"auto, (max-width: 1300px) 100vw, 1300px\" \/><\/figure>\n\n\n\n<div class=\"wp-block-group has-global-padding is-layout-constrained wp-block-group-is-layout-constrained\">\n<p>814.209 jako poci\u0105g osobowy relacji Hodon\u00edn &#8211; Velk\u00e1 nad Veli\u010dkou zatrzymuje sie na stacji Str\u00e1\u017enice, nad kt\u00f3r\u0105 przed chwil\u0105 przesz\u0142a letnia ulewa. 29.08.2020<\/p>\n<\/div>\n","protected":false},"excerpt":{"rendered":"<p>814.209 jako poci\u0105g osobowy relacji Hodon\u00edn &#8211; Velk\u00e1 nad Veli\u010dkou zatrzymuje sie na stacji Str\u00e1\u017enice, nad kt\u00f3r\u0105 przed chwil\u0105 przesz\u0142a letnia ulewa. 29.08.2020<\/p>\n","protected":false},"author":1,"featured_media":21066,"comment_status":"open","ping_status":"","sticky":false,"template":"","format":"standard","meta":{"footnotes":""},"categories":[2,676],"tags":[1941,211,50,49,196,1942,162,1928,1616,548],"class_list":["post-21065","post","type-post","status-publish","format-standard","has-post-thumbnail","hentry","category-kolej","category-rok-2020","tag-2020-08-29","tag-211","tag-cd","tag-czechy","tag-linie-raczej-lokalne","tag-morawy-2020","tag-niebo","tag-straznice","tag-tab-cz343","tag-tecza"],"_links":{"self":[{"href":"https:\/\/wgphoto.pl\/t\/index.php?rest_route=\/wp\/v2\/posts\/21065","targetHints":{"allow":["GET"]}}],"collection":[{"href":"https:\/\/wgphoto.pl\/t\/index.php?rest_route=\/wp\/v2\/posts"}],"about":[{"href":"https:\/\/wgphoto.pl\/t\/index.php?rest_route=\/wp\/v2\/types\/post"}],"author":[{"embeddable":true,"href":"https:\/\/wgphoto.pl\/t\/index.php?rest_route=\/wp\/v2\/users\/1"}],"replies":[{"embeddable":true,"href":"https:\/\/wgphoto.pl\/t\/index.php?rest_route=%2Fwp%2Fv2%2Fcomments&post=21065"}],"version-history":[{"count":1,"href":"https:\/\/wgphoto.pl\/t\/index.php?rest_route=\/wp\/v2\/posts\/21065\/revisions"}],"predecessor-version":[{"id":21067,"href":"https:\/\/wgphoto.pl\/t\/index.php?rest_route=\/wp\/v2\/posts\/21065\/revisions\/21067"}],"wp:featuredmedia":[{"embeddable":true,"href":"https:\/\/wgphoto.pl\/t\/index.php?rest_route=\/wp\/v2\/media\/21066"}],"wp:attachment":[{"href":"https:\/\/wgphoto.pl\/t\/index.php?rest_route=%2Fwp%2Fv2%2Fmedia&parent=21065"}],"wp:term":[{"taxonomy":"category","embeddable":true,"href":"https:\/\/wgphoto.pl\/t\/index.php?rest_route=%2Fwp%2Fv2%2Fcategories&post=21065"},{"taxonomy":"post_tag","embeddable":true,"href":"https:\/\/wgphoto.pl\/t\/index.php?rest_route=%2Fwp%2Fv2%2Ftags&post=21065"}],"curies":[{"name":"wp","href":"https:\/\/api.w.org\/{rel}","templated":true}]}}