{"id":21101,"date":"2025-07-30T00:21:57","date_gmt":"2025-07-29T22:21:57","guid":{"rendered":"https:\/\/wgphoto.pl\/t\/?p=21101"},"modified":"2025-07-30T00:21:57","modified_gmt":"2025-07-29T22:21:57","slug":"nie-ma-lekko-2","status":"publish","type":"post","link":"https:\/\/wgphoto.pl\/t\/?p=21101","title":{"rendered":"Nie ma lekko"},"content":{"rendered":"\n<figure class=\"wp-block-image aligncenter size-full\"><img loading=\"lazy\" decoding=\"async\" width=\"1300\" height=\"867\" src=\"https:\/\/wgphoto.pl\/t\/wp-content\/uploads\/2025\/07\/0616-36_rsn.jpg\" alt=\"\" class=\"wp-image-21102\" srcset=\"https:\/\/wgphoto.pl\/t\/wp-content\/uploads\/2025\/07\/0616-36_rsn.jpg 1300w, https:\/\/wgphoto.pl\/t\/wp-content\/uploads\/2025\/07\/0616-36_rsn-300x200.jpg 300w, https:\/\/wgphoto.pl\/t\/wp-content\/uploads\/2025\/07\/0616-36_rsn-768x512.jpg 768w\" sizes=\"auto, (max-width: 1300px) 100vw, 1300px\" \/><\/figure>\n\n\n\n<div class=\"wp-block-group has-global-padding is-layout-constrained wp-block-group-is-layout-constrained\">\n<p>SM42-1139 z poci\u0105giem dodatkowym z Olsztyna do Kostrzyna mija o \u015bwicie przystanek w D\u0105broszynie. 28.07.2006<\/p>\n<\/div>\n","protected":false},"excerpt":{"rendered":"<p>SM42-1139 z poci\u0105giem dodatkowym z Olsztyna do Kostrzyna mija o \u015bwicie przystanek w D\u0105broszynie. 28.07.2006<\/p>\n","protected":false},"author":1,"featured_media":21102,"comment_status":"open","ping_status":"","sticky":false,"template":"","format":"standard","meta":{"footnotes":""},"categories":[62,2,130],"tags":[1867,288,3173,595,63,27,176,473,594,1278],"class_list":["post-21101","post","type-post","status-publish","format-standard","has-post-thumbnail","hentry","category-analog","category-kolej","category-rok-2006","tag-2006-07-28","tag-bipa","tag-dabroszyn","tag-ostbahn","tag-pkp","tag-polska","tag-rano","tag-sm42","tag-tab-pl345","tag-woodstock"],"_links":{"self":[{"href":"https:\/\/wgphoto.pl\/t\/index.php?rest_route=\/wp\/v2\/posts\/21101","targetHints":{"allow":["GET"]}}],"collection":[{"href":"https:\/\/wgphoto.pl\/t\/index.php?rest_route=\/wp\/v2\/posts"}],"about":[{"href":"https:\/\/wgphoto.pl\/t\/index.php?rest_route=\/wp\/v2\/types\/post"}],"author":[{"embeddable":true,"href":"https:\/\/wgphoto.pl\/t\/index.php?rest_route=\/wp\/v2\/users\/1"}],"replies":[{"embeddable":true,"href":"https:\/\/wgphoto.pl\/t\/index.php?rest_route=%2Fwp%2Fv2%2Fcomments&post=21101"}],"version-history":[{"count":1,"href":"https:\/\/wgphoto.pl\/t\/index.php?rest_route=\/wp\/v2\/posts\/21101\/revisions"}],"predecessor-version":[{"id":21103,"href":"https:\/\/wgphoto.pl\/t\/index.php?rest_route=\/wp\/v2\/posts\/21101\/revisions\/21103"}],"wp:featuredmedia":[{"embeddable":true,"href":"https:\/\/wgphoto.pl\/t\/index.php?rest_route=\/wp\/v2\/media\/21102"}],"wp:attachment":[{"href":"https:\/\/wgphoto.pl\/t\/index.php?rest_route=%2Fwp%2Fv2%2Fmedia&parent=21101"}],"wp:term":[{"taxonomy":"category","embeddable":true,"href":"https:\/\/wgphoto.pl\/t\/index.php?rest_route=%2Fwp%2Fv2%2Fcategories&post=21101"},{"taxonomy":"post_tag","embeddable":true,"href":"https:\/\/wgphoto.pl\/t\/index.php?rest_route=%2Fwp%2Fv2%2Ftags&post=21101"}],"curies":[{"name":"wp","href":"https:\/\/api.w.org\/{rel}","templated":true}]}}