{"id":21104,"date":"2025-07-30T00:23:01","date_gmt":"2025-07-29T22:23:01","guid":{"rendered":"https:\/\/wgphoto.pl\/t\/?p=21104"},"modified":"2025-07-30T00:23:01","modified_gmt":"2025-07-29T22:23:01","slug":"w-duecie-razniej-2","status":"publish","type":"post","link":"https:\/\/wgphoto.pl\/t\/?p=21104","title":{"rendered":"W duecie ra\u017aniej"},"content":{"rendered":"\n<figure class=\"wp-block-image aligncenter size-full\"><img loading=\"lazy\" decoding=\"async\" width=\"1300\" height=\"862\" src=\"https:\/\/wgphoto.pl\/t\/wp-content\/uploads\/2025\/07\/2002i-26a.jpg\" alt=\"\" class=\"wp-image-21105\" srcset=\"https:\/\/wgphoto.pl\/t\/wp-content\/uploads\/2025\/07\/2002i-26a.jpg 1300w, https:\/\/wgphoto.pl\/t\/wp-content\/uploads\/2025\/07\/2002i-26a-300x199.jpg 300w, https:\/\/wgphoto.pl\/t\/wp-content\/uploads\/2025\/07\/2002i-26a-768x509.jpg 768w\" sizes=\"auto, (max-width: 1300px) 100vw, 1300px\" \/><\/figure>\n\n\n\n<div class=\"wp-block-group has-global-padding is-layout-constrained wp-block-group-is-layout-constrained\">\n<p>Podg Grabiszyn &#8211; Wroc\u0142aw Muchob\u00f3r. EU07-242 z CM Gdynia i EP07-356 z CM Wroc\u0142aw prowadz\u0105 poci\u0105g IR 454\/60003 relacji Wroc\u0142aw G\u0142. &#8211; Dresden Hbf. 28.04.2002<\/p>\n<\/div>\n","protected":false},"excerpt":{"rendered":"<p>Podg Grabiszyn &#8211; Wroc\u0142aw Muchob\u00f3r. EU07-242 z CM Gdynia i EP07-356 z CM Wroc\u0142aw prowadz\u0105 poci\u0105g IR 454\/60003 relacji Wroc\u0142aw G\u0142. &#8211; Dresden Hbf. 28.04.2002<\/p>\n","protected":false},"author":1,"featured_media":21105,"comment_status":"open","ping_status":"","sticky":false,"template":"","format":"standard","meta":{"footnotes":""},"categories":[62,2,577],"tags":[923,122,63,1544,27,233,41,1581],"class_list":["post-21104","post","type-post","status-publish","format-standard","has-post-thumbnail","hentry","category-analog","category-kolej","category-rok-2002","tag-2002-04-28","tag-eu07","tag-pkp","tag-podg-grabiszyn","tag-polska","tag-tab-pl260","tag-wroclaw","tag-wroclaw-muchobor"],"_links":{"self":[{"href":"https:\/\/wgphoto.pl\/t\/index.php?rest_route=\/wp\/v2\/posts\/21104","targetHints":{"allow":["GET"]}}],"collection":[{"href":"https:\/\/wgphoto.pl\/t\/index.php?rest_route=\/wp\/v2\/posts"}],"about":[{"href":"https:\/\/wgphoto.pl\/t\/index.php?rest_route=\/wp\/v2\/types\/post"}],"author":[{"embeddable":true,"href":"https:\/\/wgphoto.pl\/t\/index.php?rest_route=\/wp\/v2\/users\/1"}],"replies":[{"embeddable":true,"href":"https:\/\/wgphoto.pl\/t\/index.php?rest_route=%2Fwp%2Fv2%2Fcomments&post=21104"}],"version-history":[{"count":1,"href":"https:\/\/wgphoto.pl\/t\/index.php?rest_route=\/wp\/v2\/posts\/21104\/revisions"}],"predecessor-version":[{"id":21106,"href":"https:\/\/wgphoto.pl\/t\/index.php?rest_route=\/wp\/v2\/posts\/21104\/revisions\/21106"}],"wp:featuredmedia":[{"embeddable":true,"href":"https:\/\/wgphoto.pl\/t\/index.php?rest_route=\/wp\/v2\/media\/21105"}],"wp:attachment":[{"href":"https:\/\/wgphoto.pl\/t\/index.php?rest_route=%2Fwp%2Fv2%2Fmedia&parent=21104"}],"wp:term":[{"taxonomy":"category","embeddable":true,"href":"https:\/\/wgphoto.pl\/t\/index.php?rest_route=%2Fwp%2Fv2%2Fcategories&post=21104"},{"taxonomy":"post_tag","embeddable":true,"href":"https:\/\/wgphoto.pl\/t\/index.php?rest_route=%2Fwp%2Fv2%2Ftags&post=21104"}],"curies":[{"name":"wp","href":"https:\/\/api.w.org\/{rel}","templated":true}]}}