{"id":21107,"date":"2025-07-30T00:23:58","date_gmt":"2025-07-29T22:23:58","guid":{"rendered":"https:\/\/wgphoto.pl\/t\/?p=21107"},"modified":"2025-07-30T00:23:58","modified_gmt":"2025-07-29T22:23:58","slug":"prawie-jak-wroclaw","status":"publish","type":"post","link":"https:\/\/wgphoto.pl\/t\/?p=21107","title":{"rendered":"Prawie jak Wroc\u0142aw"},"content":{"rendered":"\n<figure class=\"wp-block-image aligncenter size-full\"><img loading=\"lazy\" decoding=\"async\" width=\"1300\" height=\"861\" src=\"https:\/\/wgphoto.pl\/t\/wp-content\/uploads\/2025\/07\/IMGP4207.jpg\" alt=\"\" class=\"wp-image-21108\" srcset=\"https:\/\/wgphoto.pl\/t\/wp-content\/uploads\/2025\/07\/IMGP4207.jpg 1300w, https:\/\/wgphoto.pl\/t\/wp-content\/uploads\/2025\/07\/IMGP4207-300x199.jpg 300w, https:\/\/wgphoto.pl\/t\/wp-content\/uploads\/2025\/07\/IMGP4207-768x509.jpg 768w\" sizes=\"auto, (max-width: 1300px) 100vw, 1300px\" \/><\/figure>\n\n\n\n<div class=\"wp-block-group has-global-padding is-layout-constrained wp-block-group-is-layout-constrained\">\n<p>Lipsk, Eisenbahnstra\u00dfe, zestaw T4D-M1+NB4 2148+?. Zabudowa ulicy wygl\u0105da zupe\u0142nie jak we Wroc\u0142awiu. 30.04.2016<\/p>\n<\/div>\n","protected":false},"excerpt":{"rendered":"<p>Lipsk, Eisenbahnstra\u00dfe, zestaw T4D-M1+NB4 2148+?. Zabudowa ulicy wygl\u0105da zupe\u0142nie jak we Wroc\u0142awiu. 30.04.2016<\/p>\n","protected":false},"author":1,"featured_media":21108,"comment_status":"open","ping_status":"","sticky":false,"template":"","format":"standard","meta":{"footnotes":""},"categories":[125,3],"tags":[1532,1180,1179,635,23,1112],"class_list":["post-21107","post","type-post","status-publish","format-standard","has-post-thumbnail","hentry","category-rok-2016","category-tramwaj","tag-2016-04-30","tag-lipsk","tag-lvb-leipzig","tag-majowka-2016","tag-niemcy","tag-tatra-t4"],"_links":{"self":[{"href":"https:\/\/wgphoto.pl\/t\/index.php?rest_route=\/wp\/v2\/posts\/21107","targetHints":{"allow":["GET"]}}],"collection":[{"href":"https:\/\/wgphoto.pl\/t\/index.php?rest_route=\/wp\/v2\/posts"}],"about":[{"href":"https:\/\/wgphoto.pl\/t\/index.php?rest_route=\/wp\/v2\/types\/post"}],"author":[{"embeddable":true,"href":"https:\/\/wgphoto.pl\/t\/index.php?rest_route=\/wp\/v2\/users\/1"}],"replies":[{"embeddable":true,"href":"https:\/\/wgphoto.pl\/t\/index.php?rest_route=%2Fwp%2Fv2%2Fcomments&post=21107"}],"version-history":[{"count":1,"href":"https:\/\/wgphoto.pl\/t\/index.php?rest_route=\/wp\/v2\/posts\/21107\/revisions"}],"predecessor-version":[{"id":21109,"href":"https:\/\/wgphoto.pl\/t\/index.php?rest_route=\/wp\/v2\/posts\/21107\/revisions\/21109"}],"wp:featuredmedia":[{"embeddable":true,"href":"https:\/\/wgphoto.pl\/t\/index.php?rest_route=\/wp\/v2\/media\/21108"}],"wp:attachment":[{"href":"https:\/\/wgphoto.pl\/t\/index.php?rest_route=%2Fwp%2Fv2%2Fmedia&parent=21107"}],"wp:term":[{"taxonomy":"category","embeddable":true,"href":"https:\/\/wgphoto.pl\/t\/index.php?rest_route=%2Fwp%2Fv2%2Fcategories&post=21107"},{"taxonomy":"post_tag","embeddable":true,"href":"https:\/\/wgphoto.pl\/t\/index.php?rest_route=%2Fwp%2Fv2%2Ftags&post=21107"}],"curies":[{"name":"wp","href":"https:\/\/api.w.org\/{rel}","templated":true}]}}