{"id":21129,"date":"2025-07-30T00:30:55","date_gmt":"2025-07-29T22:30:55","guid":{"rendered":"https:\/\/wgphoto.pl\/t\/?p=21129"},"modified":"2025-07-30T00:31:13","modified_gmt":"2025-07-29T22:31:13","slug":"durkoppwerke","status":"publish","type":"post","link":"https:\/\/wgphoto.pl\/t\/?p=21129","title":{"rendered":"D\u00fcrkoppwerke"},"content":{"rendered":"\n<figure class=\"wp-block-image aligncenter size-full\"><img loading=\"lazy\" decoding=\"async\" width=\"1300\" height=\"861\" src=\"https:\/\/wgphoto.pl\/t\/wp-content\/uploads\/2025\/07\/IMGP4864.jpg\" alt=\"\" class=\"wp-image-21130\" srcset=\"https:\/\/wgphoto.pl\/t\/wp-content\/uploads\/2025\/07\/IMGP4864.jpg 1300w, https:\/\/wgphoto.pl\/t\/wp-content\/uploads\/2025\/07\/IMGP4864-300x199.jpg 300w, https:\/\/wgphoto.pl\/t\/wp-content\/uploads\/2025\/07\/IMGP4864-768x509.jpg 768w\" sizes=\"auto, (max-width: 1300px) 100vw, 1300px\" \/><\/figure>\n\n\n\n<div class=\"wp-block-group has-global-padding is-layout-constrained wp-block-group-is-layout-constrained\">\n<p>Bielefeld, Nikolaus-D\u00fcrkopp-Stra\u00dfe. Sk\u0142ad wagon\u00f3w Vossloh GTZ8-B Vamos przeje\u017cd\u017ca obok zak\u0142ad\u00f3w produkuj\u0105cych przemys\u0142owe maszyny do szycia. 21.09.2023<\/p>\n<\/div>\n","protected":false},"excerpt":{"rendered":"<p>Bielefeld, Nikolaus-D\u00fcrkopp-Stra\u00dfe. Sk\u0142ad wagon\u00f3w Vossloh GTZ8-B Vamos przeje\u017cd\u017ca obok zak\u0142ad\u00f3w produkuj\u0105cych przemys\u0142owe maszyny do szycia. 21.09.2023<\/p>\n","protected":false},"author":1,"featured_media":21130,"comment_status":"open","ping_status":"","sticky":false,"template":"","format":"standard","meta":{"footnotes":""},"categories":[6,3],"tags":[4383,34,4381,559,173,4382,23,143,905,176,4384],"class_list":["post-21129","post","type-post","status-publish","format-standard","has-post-thumbnail","hentry","category-2023r","category-tramwaj","tag-2023-09-21","tag-architektura","tag-bielefeld","tag-d-ticket-2023","tag-koncowki","tag-mobiel","tag-niemcy","tag-ponad-30m","tag-przez","tag-rano","tag-vossloh-vamos"],"_links":{"self":[{"href":"https:\/\/wgphoto.pl\/t\/index.php?rest_route=\/wp\/v2\/posts\/21129","targetHints":{"allow":["GET"]}}],"collection":[{"href":"https:\/\/wgphoto.pl\/t\/index.php?rest_route=\/wp\/v2\/posts"}],"about":[{"href":"https:\/\/wgphoto.pl\/t\/index.php?rest_route=\/wp\/v2\/types\/post"}],"author":[{"embeddable":true,"href":"https:\/\/wgphoto.pl\/t\/index.php?rest_route=\/wp\/v2\/users\/1"}],"replies":[{"embeddable":true,"href":"https:\/\/wgphoto.pl\/t\/index.php?rest_route=%2Fwp%2Fv2%2Fcomments&post=21129"}],"version-history":[{"count":1,"href":"https:\/\/wgphoto.pl\/t\/index.php?rest_route=\/wp\/v2\/posts\/21129\/revisions"}],"predecessor-version":[{"id":21131,"href":"https:\/\/wgphoto.pl\/t\/index.php?rest_route=\/wp\/v2\/posts\/21129\/revisions\/21131"}],"wp:featuredmedia":[{"embeddable":true,"href":"https:\/\/wgphoto.pl\/t\/index.php?rest_route=\/wp\/v2\/media\/21130"}],"wp:attachment":[{"href":"https:\/\/wgphoto.pl\/t\/index.php?rest_route=%2Fwp%2Fv2%2Fmedia&parent=21129"}],"wp:term":[{"taxonomy":"category","embeddable":true,"href":"https:\/\/wgphoto.pl\/t\/index.php?rest_route=%2Fwp%2Fv2%2Fcategories&post=21129"},{"taxonomy":"post_tag","embeddable":true,"href":"https:\/\/wgphoto.pl\/t\/index.php?rest_route=%2Fwp%2Fv2%2Ftags&post=21129"}],"curies":[{"name":"wp","href":"https:\/\/api.w.org\/{rel}","templated":true}]}}