{"id":21138,"date":"2025-07-30T00:35:51","date_gmt":"2025-07-29T22:35:51","guid":{"rendered":"https:\/\/wgphoto.pl\/t\/?p=21138"},"modified":"2025-07-30T00:35:51","modified_gmt":"2025-07-29T22:35:51","slug":"skodowska-synchronizacja","status":"publish","type":"post","link":"https:\/\/wgphoto.pl\/t\/?p=21138","title":{"rendered":"\u0160kodowska synchronizacja"},"content":{"rendered":"\n<figure class=\"wp-block-image aligncenter size-full\"><img loading=\"lazy\" decoding=\"async\" width=\"1300\" height=\"861\" src=\"https:\/\/wgphoto.pl\/t\/wp-content\/uploads\/2025\/07\/IMGP6680.jpg\" alt=\"\" class=\"wp-image-21139\" srcset=\"https:\/\/wgphoto.pl\/t\/wp-content\/uploads\/2025\/07\/IMGP6680.jpg 1300w, https:\/\/wgphoto.pl\/t\/wp-content\/uploads\/2025\/07\/IMGP6680-300x199.jpg 300w, https:\/\/wgphoto.pl\/t\/wp-content\/uploads\/2025\/07\/IMGP6680-768x509.jpg 768w\" sizes=\"auto, (max-width: 1300px) 100vw, 1300px\" \/><\/figure>\n\n\n\n<div class=\"wp-block-group has-global-padding is-layout-constrained wp-block-group-is-layout-constrained\">\n<p>Praga, Podolsk\u00e9 n\u00e1b\u0159e\u017e\u00ed, \u0160koda 14T 9132 i \u0160koda 15T 9206 idealnie si\u0119 zgra\u0142y u wylotu Tunelu Wyszehradzkiego. 26.03.2022<\/p>\n<\/div>\n","protected":false},"excerpt":{"rendered":"<p>Praga, Podolsk\u00e9 n\u00e1b\u0159e\u017e\u00ed, \u0160koda 14T 9132 i \u0160koda 15T 9206 idealnie si\u0119 zgra\u0142y u wylotu Tunelu Wyszehradzkiego. 26.03.2022<\/p>\n","protected":false},"author":1,"featured_media":21139,"comment_status":"open","ping_status":"","sticky":false,"template":"","format":"standard","meta":{"footnotes":""},"categories":[669,3],"tags":[2778,49,1049,389,52,244,1496,95,216,15],"class_list":["post-21138","post","type-post","status-publish","format-standard","has-post-thumbnail","hentry","category-rok-2022","category-tramwaj","tag-2022-03-26","tag-czechy","tag-dp-praha","tag-mijanka","tag-praga","tag-skaly","tag-skoda-14t","tag-skoda-15t","tag-skoda-elektra","tag-tunel"],"_links":{"self":[{"href":"https:\/\/wgphoto.pl\/t\/index.php?rest_route=\/wp\/v2\/posts\/21138","targetHints":{"allow":["GET"]}}],"collection":[{"href":"https:\/\/wgphoto.pl\/t\/index.php?rest_route=\/wp\/v2\/posts"}],"about":[{"href":"https:\/\/wgphoto.pl\/t\/index.php?rest_route=\/wp\/v2\/types\/post"}],"author":[{"embeddable":true,"href":"https:\/\/wgphoto.pl\/t\/index.php?rest_route=\/wp\/v2\/users\/1"}],"replies":[{"embeddable":true,"href":"https:\/\/wgphoto.pl\/t\/index.php?rest_route=%2Fwp%2Fv2%2Fcomments&post=21138"}],"version-history":[{"count":1,"href":"https:\/\/wgphoto.pl\/t\/index.php?rest_route=\/wp\/v2\/posts\/21138\/revisions"}],"predecessor-version":[{"id":21140,"href":"https:\/\/wgphoto.pl\/t\/index.php?rest_route=\/wp\/v2\/posts\/21138\/revisions\/21140"}],"wp:featuredmedia":[{"embeddable":true,"href":"https:\/\/wgphoto.pl\/t\/index.php?rest_route=\/wp\/v2\/media\/21139"}],"wp:attachment":[{"href":"https:\/\/wgphoto.pl\/t\/index.php?rest_route=%2Fwp%2Fv2%2Fmedia&parent=21138"}],"wp:term":[{"taxonomy":"category","embeddable":true,"href":"https:\/\/wgphoto.pl\/t\/index.php?rest_route=%2Fwp%2Fv2%2Fcategories&post=21138"},{"taxonomy":"post_tag","embeddable":true,"href":"https:\/\/wgphoto.pl\/t\/index.php?rest_route=%2Fwp%2Fv2%2Ftags&post=21138"}],"curies":[{"name":"wp","href":"https:\/\/api.w.org\/{rel}","templated":true}]}}