{"id":21144,"date":"2025-07-30T00:37:49","date_gmt":"2025-07-29T22:37:49","guid":{"rendered":"https:\/\/wgphoto.pl\/t\/?p=21144"},"modified":"2025-07-30T00:37:49","modified_gmt":"2025-07-29T22:37:49","slug":"900-m-n-p-m","status":"publish","type":"post","link":"https:\/\/wgphoto.pl\/t\/?p=21144","title":{"rendered":"900 m n.p.m."},"content":{"rendered":"\n<figure class=\"wp-block-image aligncenter size-full\"><img loading=\"lazy\" decoding=\"async\" width=\"1300\" height=\"861\" src=\"https:\/\/wgphoto.pl\/t\/wp-content\/uploads\/2025\/07\/IMGP8132-1.jpg\" alt=\"\" class=\"wp-image-21145\" srcset=\"https:\/\/wgphoto.pl\/t\/wp-content\/uploads\/2025\/07\/IMGP8132-1.jpg 1300w, https:\/\/wgphoto.pl\/t\/wp-content\/uploads\/2025\/07\/IMGP8132-1-300x199.jpg 300w, https:\/\/wgphoto.pl\/t\/wp-content\/uploads\/2025\/07\/IMGP8132-1-768x509.jpg 768w\" sizes=\"auto, (max-width: 1300px) 100vw, 1300px\" \/><\/figure>\n\n\n\n<div class=\"wp-block-group has-global-padding is-layout-constrained wp-block-group-is-layout-constrained\">\n<p>Jednostka 680.007 jako kurs SC 240 &#8222;Pendolino Ko\u0161i\u010dan&#8221; z Koszyc do Pragi z p\u00f3\u0142godzinnym op\u00f3\u017anieniem zatrzymuje si\u0119 na stacji \u0160trba, najwy\u017cej po\u0142o\u017conej s\u0142owackiej stacji z ruchem dalekobie\u017cnym. Za poci\u0105giem, przy budynku, widoczna jest wystawka zabytkowych USRK. B\u0119d\u0105c w Szczyrbie ju\u017c kt\u00f3ry\u015b raz z rz\u0119du wola\u0142em poszuka\u0107 uj\u0119\u0107 alternatywnych do standard\u00f3w z g\u00f3rami, tym bardziej \u017ce s\u0142o\u0144ce lepiej pasowa\u0142o w\u0142a\u015bnie tutaj, co nie jest takie oczywiste, dop\u00f3ki nie we\u017amie si\u0119 pod uwag\u0119, \u017ce linia wykr\u0119ca si\u0119 w rejonie stacji o 90 stopni, a &#8222;na motywie&#8221; s\u0142o\u0144ce pasuje w zasadzie przez zaledwie dwie godziny. 20.05.2022<\/p>\n<\/div>\n","protected":false},"excerpt":{"rendered":"<p>Jednostka 680.007 jako kurs SC 240 &#8222;Pendolino Ko\u0161i\u010dan&#8221; z Koszyc do Pragi z p\u00f3\u0142godzinnym op\u00f3\u017anieniem zatrzymuje si\u0119 na stacji \u0160trba, najwy\u017cej po\u0142o\u017conej s\u0142owackiej stacji z ruchem dalekobie\u017cnym. Za poci\u0105giem, przy budynku, widoczna jest wystawka zabytkowych USRK. B\u0119d\u0105c w Szczyrbie ju\u017c kt\u00f3ry\u015b raz z rz\u0119du wola\u0142em poszuka\u0107 uj\u0119\u0107 alternatywnych do standard\u00f3w z g\u00f3rami, tym bardziej \u017ce [&hellip;]<\/p>\n","protected":false},"author":1,"featured_media":21145,"comment_status":"open","ping_status":"","sticky":false,"template":"","format":"standard","meta":{"footnotes":""},"categories":[2,669],"tags":[2172,50,2169,754,675,670],"class_list":["post-21144","post","type-post","status-publish","format-standard","has-post-thumbnail","hentry","category-kolej","category-rok-2022","tag-2022-05-20","tag-cd","tag-druga-majowka-2022","tag-pendolino","tag-slowacja","tag-strba"],"_links":{"self":[{"href":"https:\/\/wgphoto.pl\/t\/index.php?rest_route=\/wp\/v2\/posts\/21144","targetHints":{"allow":["GET"]}}],"collection":[{"href":"https:\/\/wgphoto.pl\/t\/index.php?rest_route=\/wp\/v2\/posts"}],"about":[{"href":"https:\/\/wgphoto.pl\/t\/index.php?rest_route=\/wp\/v2\/types\/post"}],"author":[{"embeddable":true,"href":"https:\/\/wgphoto.pl\/t\/index.php?rest_route=\/wp\/v2\/users\/1"}],"replies":[{"embeddable":true,"href":"https:\/\/wgphoto.pl\/t\/index.php?rest_route=%2Fwp%2Fv2%2Fcomments&post=21144"}],"version-history":[{"count":1,"href":"https:\/\/wgphoto.pl\/t\/index.php?rest_route=\/wp\/v2\/posts\/21144\/revisions"}],"predecessor-version":[{"id":21146,"href":"https:\/\/wgphoto.pl\/t\/index.php?rest_route=\/wp\/v2\/posts\/21144\/revisions\/21146"}],"wp:featuredmedia":[{"embeddable":true,"href":"https:\/\/wgphoto.pl\/t\/index.php?rest_route=\/wp\/v2\/media\/21145"}],"wp:attachment":[{"href":"https:\/\/wgphoto.pl\/t\/index.php?rest_route=%2Fwp%2Fv2%2Fmedia&parent=21144"}],"wp:term":[{"taxonomy":"category","embeddable":true,"href":"https:\/\/wgphoto.pl\/t\/index.php?rest_route=%2Fwp%2Fv2%2Fcategories&post=21144"},{"taxonomy":"post_tag","embeddable":true,"href":"https:\/\/wgphoto.pl\/t\/index.php?rest_route=%2Fwp%2Fv2%2Ftags&post=21144"}],"curies":[{"name":"wp","href":"https:\/\/api.w.org\/{rel}","templated":true}]}}