{"id":21156,"date":"2025-07-30T00:44:27","date_gmt":"2025-07-29T22:44:27","guid":{"rendered":"https:\/\/wgphoto.pl\/t\/?p=21156"},"modified":"2025-07-30T00:44:27","modified_gmt":"2025-07-29T22:44:27","slug":"eu11-002","status":"publish","type":"post","link":"https:\/\/wgphoto.pl\/t\/?p=21156","title":{"rendered":"EU11-002"},"content":{"rendered":"\n<figure class=\"wp-block-image aligncenter size-full\"><img loading=\"lazy\" decoding=\"async\" width=\"1300\" height=\"844\" src=\"https:\/\/wgphoto.pl\/t\/wp-content\/uploads\/2025\/07\/2001i-18_rsn.jpg\" alt=\"\" class=\"wp-image-21157\" srcset=\"https:\/\/wgphoto.pl\/t\/wp-content\/uploads\/2025\/07\/2001i-18_rsn.jpg 1300w, https:\/\/wgphoto.pl\/t\/wp-content\/uploads\/2025\/07\/2001i-18_rsn-300x195.jpg 300w, https:\/\/wgphoto.pl\/t\/wp-content\/uploads\/2025\/07\/2001i-18_rsn-768x499.jpg 768w\" sizes=\"auto, (max-width: 1300px) 100vw, 1300px\" \/><\/figure>\n\n\n\n<div class=\"wp-block-group has-global-padding is-layout-constrained wp-block-group-is-layout-constrained\">\n<p>EU11-002 i EU07-201 z poci\u0105giem pospiesznym 37102 &#8222;\u015al\u0105zak&#8221; z Zielonej G\u00f3ry do Krakowa G\u0142\u00f3wnego przed odjazdem z Wroc\u0142awia G\u0142\u00f3wnego. Nowoczesna maszyna by\u0142a podsy\u0142ana na testy na CMK. 08.05.2001<\/p>\n<\/div>\n","protected":false},"excerpt":{"rendered":"<p>EU11-002 i EU07-201 z poci\u0105giem pospiesznym 37102 &#8222;\u015al\u0105zak&#8221; z Zielonej G\u00f3ry do Krakowa G\u0142\u00f3wnego przed odjazdem z Wroc\u0142awia G\u0142\u00f3wnego. Nowoczesna maszyna by\u0142a podsy\u0142ana na testy na CMK. 08.05.2001<\/p>\n","protected":false},"author":1,"featured_media":21157,"comment_status":"open","ping_status":"","sticky":false,"template":"","format":"standard","meta":{"footnotes":""},"categories":[62,2,940],"tags":[4387,988,179,63,27,41,180],"class_list":["post-21156","post","type-post","status-publish","format-standard","has-post-thumbnail","hentry","category-analog","category-kolej","category-rok-2001","tag-2001-05-08","tag-eu11","tag-hala-peronowa","tag-pkp","tag-polska","tag-wroclaw","tag-wroclaw-glowny"],"_links":{"self":[{"href":"https:\/\/wgphoto.pl\/t\/index.php?rest_route=\/wp\/v2\/posts\/21156","targetHints":{"allow":["GET"]}}],"collection":[{"href":"https:\/\/wgphoto.pl\/t\/index.php?rest_route=\/wp\/v2\/posts"}],"about":[{"href":"https:\/\/wgphoto.pl\/t\/index.php?rest_route=\/wp\/v2\/types\/post"}],"author":[{"embeddable":true,"href":"https:\/\/wgphoto.pl\/t\/index.php?rest_route=\/wp\/v2\/users\/1"}],"replies":[{"embeddable":true,"href":"https:\/\/wgphoto.pl\/t\/index.php?rest_route=%2Fwp%2Fv2%2Fcomments&post=21156"}],"version-history":[{"count":1,"href":"https:\/\/wgphoto.pl\/t\/index.php?rest_route=\/wp\/v2\/posts\/21156\/revisions"}],"predecessor-version":[{"id":21158,"href":"https:\/\/wgphoto.pl\/t\/index.php?rest_route=\/wp\/v2\/posts\/21156\/revisions\/21158"}],"wp:featuredmedia":[{"embeddable":true,"href":"https:\/\/wgphoto.pl\/t\/index.php?rest_route=\/wp\/v2\/media\/21157"}],"wp:attachment":[{"href":"https:\/\/wgphoto.pl\/t\/index.php?rest_route=%2Fwp%2Fv2%2Fmedia&parent=21156"}],"wp:term":[{"taxonomy":"category","embeddable":true,"href":"https:\/\/wgphoto.pl\/t\/index.php?rest_route=%2Fwp%2Fv2%2Fcategories&post=21156"},{"taxonomy":"post_tag","embeddable":true,"href":"https:\/\/wgphoto.pl\/t\/index.php?rest_route=%2Fwp%2Fv2%2Ftags&post=21156"}],"curies":[{"name":"wp","href":"https:\/\/api.w.org\/{rel}","templated":true}]}}