{"id":21159,"date":"2025-07-30T00:45:27","date_gmt":"2025-07-29T22:45:27","guid":{"rendered":"https:\/\/wgphoto.pl\/t\/?p=21159"},"modified":"2025-07-30T00:45:27","modified_gmt":"2025-07-29T22:45:27","slug":"jeszcze-po-staremu-2","status":"publish","type":"post","link":"https:\/\/wgphoto.pl\/t\/?p=21159","title":{"rendered":"Jeszcze po staremu"},"content":{"rendered":"\n<figure class=\"wp-block-image aligncenter size-full\"><img loading=\"lazy\" decoding=\"async\" width=\"1300\" height=\"861\" src=\"https:\/\/wgphoto.pl\/t\/wp-content\/uploads\/2025\/07\/2001i-20_rsn.jpg\" alt=\"\" class=\"wp-image-21160\" srcset=\"https:\/\/wgphoto.pl\/t\/wp-content\/uploads\/2025\/07\/2001i-20_rsn.jpg 1300w, https:\/\/wgphoto.pl\/t\/wp-content\/uploads\/2025\/07\/2001i-20_rsn-300x199.jpg 300w, https:\/\/wgphoto.pl\/t\/wp-content\/uploads\/2025\/07\/2001i-20_rsn-768x509.jpg 768w\" sizes=\"auto, (max-width: 1300px) 100vw, 1300px\" \/><\/figure>\n\n\n\n<div class=\"wp-block-group has-global-padding is-layout-constrained wp-block-group-is-layout-constrained\">\n<p>Wroc\u0142aw, most Pokoju. Sk\u0142ad 105Na 2329+2330 jedzie jeszcze po starych torach z boku mostu. O ile pami\u0119tam, most zamkni\u0119to kilka dni p\u00f3\u017aniej do remontu i dlatego zreszt\u0105 wybra\u0142em si\u0119 tam na zdj\u0119cia, maj\u0105c na uwadze, \u017ce po przebudowie torowisko zostanie przesuni\u0119te na \u015brodek, pomi\u0119dzy jezdnie. 11.05.2001<\/p>\n<\/div>\n","protected":false},"excerpt":{"rendered":"<p>Wroc\u0142aw, most Pokoju. Sk\u0142ad 105Na 2329+2330 jedzie jeszcze po starych torach z boku mostu. O ile pami\u0119tam, most zamkni\u0119to kilka dni p\u00f3\u017aniej do remontu i dlatego zreszt\u0105 wybra\u0142em si\u0119 tam na zdj\u0119cia, maj\u0105c na uwadze, \u017ce po przebudowie torowisko zostanie przesuni\u0119te na \u015brodek, pomi\u0119dzy jezdnie. 11.05.2001<\/p>\n","protected":false},"author":1,"featured_media":21160,"comment_status":"open","ping_status":"","sticky":false,"template":"","format":"standard","meta":{"footnotes":""},"categories":[62,940,3],"tags":[155,3752,42,27,41],"class_list":["post-21159","post","type-post","status-publish","format-standard","has-post-thumbnail","hentry","category-analog","category-rok-2001","category-tramwaj","tag-105na","tag-2001-05-11","tag-mpk-wroclaw","tag-polska","tag-wroclaw"],"_links":{"self":[{"href":"https:\/\/wgphoto.pl\/t\/index.php?rest_route=\/wp\/v2\/posts\/21159","targetHints":{"allow":["GET"]}}],"collection":[{"href":"https:\/\/wgphoto.pl\/t\/index.php?rest_route=\/wp\/v2\/posts"}],"about":[{"href":"https:\/\/wgphoto.pl\/t\/index.php?rest_route=\/wp\/v2\/types\/post"}],"author":[{"embeddable":true,"href":"https:\/\/wgphoto.pl\/t\/index.php?rest_route=\/wp\/v2\/users\/1"}],"replies":[{"embeddable":true,"href":"https:\/\/wgphoto.pl\/t\/index.php?rest_route=%2Fwp%2Fv2%2Fcomments&post=21159"}],"version-history":[{"count":1,"href":"https:\/\/wgphoto.pl\/t\/index.php?rest_route=\/wp\/v2\/posts\/21159\/revisions"}],"predecessor-version":[{"id":21161,"href":"https:\/\/wgphoto.pl\/t\/index.php?rest_route=\/wp\/v2\/posts\/21159\/revisions\/21161"}],"wp:featuredmedia":[{"embeddable":true,"href":"https:\/\/wgphoto.pl\/t\/index.php?rest_route=\/wp\/v2\/media\/21160"}],"wp:attachment":[{"href":"https:\/\/wgphoto.pl\/t\/index.php?rest_route=%2Fwp%2Fv2%2Fmedia&parent=21159"}],"wp:term":[{"taxonomy":"category","embeddable":true,"href":"https:\/\/wgphoto.pl\/t\/index.php?rest_route=%2Fwp%2Fv2%2Fcategories&post=21159"},{"taxonomy":"post_tag","embeddable":true,"href":"https:\/\/wgphoto.pl\/t\/index.php?rest_route=%2Fwp%2Fv2%2Ftags&post=21159"}],"curies":[{"name":"wp","href":"https:\/\/api.w.org\/{rel}","templated":true}]}}