{"id":21162,"date":"2025-07-30T00:46:21","date_gmt":"2025-07-29T22:46:21","guid":{"rendered":"https:\/\/wgphoto.pl\/t\/?p=21162"},"modified":"2025-07-30T00:46:21","modified_gmt":"2025-07-29T22:46:21","slug":"eu07-527-wroclaw-zachodni","status":"publish","type":"post","link":"https:\/\/wgphoto.pl\/t\/?p=21162","title":{"rendered":"EU07-527, Wroc\u0142aw Zachodni"},"content":{"rendered":"\n<figure class=\"wp-block-image aligncenter size-full\"><img loading=\"lazy\" decoding=\"async\" width=\"1300\" height=\"861\" src=\"https:\/\/wgphoto.pl\/t\/wp-content\/uploads\/2025\/07\/2001i-04_rsn.jpg\" alt=\"\" class=\"wp-image-21163\" srcset=\"https:\/\/wgphoto.pl\/t\/wp-content\/uploads\/2025\/07\/2001i-04_rsn.jpg 1300w, https:\/\/wgphoto.pl\/t\/wp-content\/uploads\/2025\/07\/2001i-04_rsn-300x199.jpg 300w, https:\/\/wgphoto.pl\/t\/wp-content\/uploads\/2025\/07\/2001i-04_rsn-768x509.jpg 768w\" sizes=\"auto, (max-width: 1300px) 100vw, 1300px\" \/><\/figure>\n\n\n\n<div class=\"wp-block-group has-global-padding is-layout-constrained wp-block-group-is-layout-constrained\">\n<p>EU07-527 z poci\u0105giem osobowym 224 relacji Jelenia G\u00f3ra &#8211; Wroc\u0142aw G\u0142. zatrzymuje si\u0119 we Wroc\u0142awiu Zachodnim. 02.05.2001<\/p>\n<\/div>\n","protected":false},"excerpt":{"rendered":"<p>EU07-527 z poci\u0105giem osobowym 224 relacji Jelenia G\u00f3ra &#8211; Wroc\u0142aw G\u0142. zatrzymuje si\u0119 we Wroc\u0142awiu Zachodnim. 02.05.2001<\/p>\n","protected":false},"author":1,"featured_media":21163,"comment_status":"open","ping_status":"","sticky":false,"template":"","format":"standard","meta":{"footnotes":""},"categories":[62,2,940],"tags":[3974,288,122,63,27,200,41,1623],"class_list":["post-21162","post","type-post","status-publish","format-standard","has-post-thumbnail","hentry","category-analog","category-kolej","category-rok-2001","tag-2001-05-02","tag-bipa","tag-eu07","tag-pkp","tag-polska","tag-tab-pl240","tag-wroclaw","tag-wroclaw-zachodni"],"_links":{"self":[{"href":"https:\/\/wgphoto.pl\/t\/index.php?rest_route=\/wp\/v2\/posts\/21162","targetHints":{"allow":["GET"]}}],"collection":[{"href":"https:\/\/wgphoto.pl\/t\/index.php?rest_route=\/wp\/v2\/posts"}],"about":[{"href":"https:\/\/wgphoto.pl\/t\/index.php?rest_route=\/wp\/v2\/types\/post"}],"author":[{"embeddable":true,"href":"https:\/\/wgphoto.pl\/t\/index.php?rest_route=\/wp\/v2\/users\/1"}],"replies":[{"embeddable":true,"href":"https:\/\/wgphoto.pl\/t\/index.php?rest_route=%2Fwp%2Fv2%2Fcomments&post=21162"}],"version-history":[{"count":1,"href":"https:\/\/wgphoto.pl\/t\/index.php?rest_route=\/wp\/v2\/posts\/21162\/revisions"}],"predecessor-version":[{"id":21164,"href":"https:\/\/wgphoto.pl\/t\/index.php?rest_route=\/wp\/v2\/posts\/21162\/revisions\/21164"}],"wp:featuredmedia":[{"embeddable":true,"href":"https:\/\/wgphoto.pl\/t\/index.php?rest_route=\/wp\/v2\/media\/21163"}],"wp:attachment":[{"href":"https:\/\/wgphoto.pl\/t\/index.php?rest_route=%2Fwp%2Fv2%2Fmedia&parent=21162"}],"wp:term":[{"taxonomy":"category","embeddable":true,"href":"https:\/\/wgphoto.pl\/t\/index.php?rest_route=%2Fwp%2Fv2%2Fcategories&post=21162"},{"taxonomy":"post_tag","embeddable":true,"href":"https:\/\/wgphoto.pl\/t\/index.php?rest_route=%2Fwp%2Fv2%2Ftags&post=21162"}],"curies":[{"name":"wp","href":"https:\/\/api.w.org\/{rel}","templated":true}]}}