{"id":21171,"date":"2025-07-30T00:50:20","date_gmt":"2025-07-29T22:50:20","guid":{"rendered":"https:\/\/wgphoto.pl\/t\/?p=21171"},"modified":"2025-07-30T01:22:21","modified_gmt":"2025-07-29T23:22:21","slug":"szwajcar-z-naczepami","status":"publish","type":"post","link":"https:\/\/wgphoto.pl\/t\/?p=21171","title":{"rendered":"Szwajcar z naczepami"},"content":{"rendered":"\n<figure class=\"wp-block-image aligncenter size-full\"><img loading=\"lazy\" decoding=\"async\" width=\"1300\" height=\"861\" src=\"https:\/\/wgphoto.pl\/t\/wp-content\/uploads\/2025\/07\/IMGP4008.jpg\" alt=\"\" class=\"wp-image-21172\" srcset=\"https:\/\/wgphoto.pl\/t\/wp-content\/uploads\/2025\/07\/IMGP4008.jpg 1300w, https:\/\/wgphoto.pl\/t\/wp-content\/uploads\/2025\/07\/IMGP4008-300x199.jpg 300w, https:\/\/wgphoto.pl\/t\/wp-content\/uploads\/2025\/07\/IMGP4008-768x509.jpg 768w\" sizes=\"auto, (max-width: 1300px) 100vw, 1300px\" \/><\/figure>\n\n\n\n<div class=\"wp-block-group has-global-padding is-layout-constrained wp-block-group-is-layout-constrained\">\n<p>Traxx 485.010 BLS Cargo mija o zmierzchu perony stacji Boppard Hbf. Zajrza\u0142em na stacj\u0119 po drodze ze sklepu na nocleg i ruch by\u0142 tak du\u017cy, \u017ce w ci\u0105gu kwadransa przejecha\u0142y co najmniej cztery towary. Z zegarkiem w r\u0119ku poci\u0105g co jakie\u015b 5 minut, a lokomotywy\u2026 mo\u017ce niekoniecznie do wyboru, ale z pewno\u015bci\u0105 do koloru. \ud83d\ude09 16.09.2023<\/p>\n<\/div>\n","protected":false},"excerpt":{"rendered":"<p>Traxx 485.010 BLS Cargo mija o zmierzchu perony stacji Boppard Hbf. Zajrza\u0142em na stacj\u0119 po drodze ze sklepu na nocleg i ruch by\u0142 tak du\u017cy, \u017ce w ci\u0105gu kwadransa przejecha\u0142y co najmniej cztery towary. Z zegarkiem w r\u0119ku poci\u0105g co jakie\u015b 5 minut, a lokomotywy\u2026 mo\u017ce niekoniecznie do wyboru, ale z pewno\u015bci\u0105 do koloru. \ud83d\ude09 [&hellip;]<\/p>\n","protected":false},"author":1,"featured_media":21172,"comment_status":"open","ping_status":"","sticky":false,"template":"","format":"standard","meta":{"footnotes":""},"categories":[2,6],"tags":[209,2480,4390,559,568,23,24,2286,90],"class_list":["post-21171","post","type-post","status-publish","format-standard","has-post-thumbnail","hentry","category-kolej","category-2023r","tag-2023-09-16","tag-bls","tag-boppard-hbf","tag-d-ticket-2023","tag-linke-rheinstrecke","tag-niemcy","tag-perony","tag-traxx","tag-wieczorem"],"_links":{"self":[{"href":"https:\/\/wgphoto.pl\/t\/index.php?rest_route=\/wp\/v2\/posts\/21171","targetHints":{"allow":["GET"]}}],"collection":[{"href":"https:\/\/wgphoto.pl\/t\/index.php?rest_route=\/wp\/v2\/posts"}],"about":[{"href":"https:\/\/wgphoto.pl\/t\/index.php?rest_route=\/wp\/v2\/types\/post"}],"author":[{"embeddable":true,"href":"https:\/\/wgphoto.pl\/t\/index.php?rest_route=\/wp\/v2\/users\/1"}],"replies":[{"embeddable":true,"href":"https:\/\/wgphoto.pl\/t\/index.php?rest_route=%2Fwp%2Fv2%2Fcomments&post=21171"}],"version-history":[{"count":1,"href":"https:\/\/wgphoto.pl\/t\/index.php?rest_route=\/wp\/v2\/posts\/21171\/revisions"}],"predecessor-version":[{"id":21173,"href":"https:\/\/wgphoto.pl\/t\/index.php?rest_route=\/wp\/v2\/posts\/21171\/revisions\/21173"}],"wp:featuredmedia":[{"embeddable":true,"href":"https:\/\/wgphoto.pl\/t\/index.php?rest_route=\/wp\/v2\/media\/21172"}],"wp:attachment":[{"href":"https:\/\/wgphoto.pl\/t\/index.php?rest_route=%2Fwp%2Fv2%2Fmedia&parent=21171"}],"wp:term":[{"taxonomy":"category","embeddable":true,"href":"https:\/\/wgphoto.pl\/t\/index.php?rest_route=%2Fwp%2Fv2%2Fcategories&post=21171"},{"taxonomy":"post_tag","embeddable":true,"href":"https:\/\/wgphoto.pl\/t\/index.php?rest_route=%2Fwp%2Fv2%2Ftags&post=21171"}],"curies":[{"name":"wp","href":"https:\/\/api.w.org\/{rel}","templated":true}]}}