{"id":21177,"date":"2025-07-30T00:53:53","date_gmt":"2025-07-29T22:53:53","guid":{"rendered":"https:\/\/wgphoto.pl\/t\/?p=21177"},"modified":"2025-07-30T00:53:53","modified_gmt":"2025-07-29T22:53:53","slug":"tirowiec-w-zonobijce","status":"publish","type":"post","link":"https:\/\/wgphoto.pl\/t\/?p=21177","title":{"rendered":"Tirowiec w \u017conobijce"},"content":{"rendered":"\n<figure class=\"wp-block-image aligncenter size-full\"><img loading=\"lazy\" decoding=\"async\" width=\"1300\" height=\"861\" src=\"https:\/\/wgphoto.pl\/t\/wp-content\/uploads\/2025\/07\/IMGP5277-1.jpg\" alt=\"\" class=\"wp-image-21178\" srcset=\"https:\/\/wgphoto.pl\/t\/wp-content\/uploads\/2025\/07\/IMGP5277-1.jpg 1300w, https:\/\/wgphoto.pl\/t\/wp-content\/uploads\/2025\/07\/IMGP5277-1-300x199.jpg 300w, https:\/\/wgphoto.pl\/t\/wp-content\/uploads\/2025\/07\/IMGP5277-1-768x509.jpg 768w\" sizes=\"auto, (max-width: 1300px) 100vw, 1300px\" \/><\/figure>\n\n\n\n<div class=\"wp-block-group has-global-padding is-layout-constrained wp-block-group-is-layout-constrained\">\n<p>Budapeszt, Kolozsv\u00e1ri utca (Kolozsv\u00e1r to po w\u0119giersku znany sk\u0105din\u0105d Klu\u017c-Napoka). Z powodu jakich\u015b prac remontowych linia 37 doje\u017cd\u017ca\u0142a, zdaje si\u0119, do \u00c9lessarok i ko\u0144cowy odcinek trasy pokonywa\u0142a jednym torem, za\u015b zmian\u0119 kierunku jazdy umo\u017cliwi\u0142y dwustronne tramwaje (jednokierunkowych w Budapeszcie i tak nie ma). 18.06.2014<\/p>\n<\/div>\n","protected":false},"excerpt":{"rendered":"<p>Budapeszt, Kolozsv\u00e1ri utca (Kolozsv\u00e1r to po w\u0119giersku znany sk\u0105din\u0105d Klu\u017c-Napoka). Z powodu jakich\u015b prac remontowych linia 37 doje\u017cd\u017ca\u0142a, zdaje si\u0119, do \u00c9lessarok i ko\u0144cowy odcinek trasy pokonywa\u0142a jednym torem, za\u015b zmian\u0119 kierunku jazdy umo\u017cliwi\u0142y dwustronne tramwaje (jednokierunkowych w Budapeszcie i tak nie ma). 18.06.2014<\/p>\n","protected":false},"author":1,"featured_media":21178,"comment_status":"open","ping_status":"","sticky":false,"template":"","format":"standard","meta":{"footnotes":""},"categories":[48,3],"tags":[148,147,144,1037,105],"class_list":["post-21177","post","type-post","status-publish","format-standard","has-post-thumbnail","hentry","category-rok-2014","category-tramwaj","tag-2014-06-18","tag-bkv-budapest","tag-budapeszt","tag-tatra-t5","tag-wegry"],"_links":{"self":[{"href":"https:\/\/wgphoto.pl\/t\/index.php?rest_route=\/wp\/v2\/posts\/21177","targetHints":{"allow":["GET"]}}],"collection":[{"href":"https:\/\/wgphoto.pl\/t\/index.php?rest_route=\/wp\/v2\/posts"}],"about":[{"href":"https:\/\/wgphoto.pl\/t\/index.php?rest_route=\/wp\/v2\/types\/post"}],"author":[{"embeddable":true,"href":"https:\/\/wgphoto.pl\/t\/index.php?rest_route=\/wp\/v2\/users\/1"}],"replies":[{"embeddable":true,"href":"https:\/\/wgphoto.pl\/t\/index.php?rest_route=%2Fwp%2Fv2%2Fcomments&post=21177"}],"version-history":[{"count":1,"href":"https:\/\/wgphoto.pl\/t\/index.php?rest_route=\/wp\/v2\/posts\/21177\/revisions"}],"predecessor-version":[{"id":21179,"href":"https:\/\/wgphoto.pl\/t\/index.php?rest_route=\/wp\/v2\/posts\/21177\/revisions\/21179"}],"wp:featuredmedia":[{"embeddable":true,"href":"https:\/\/wgphoto.pl\/t\/index.php?rest_route=\/wp\/v2\/media\/21178"}],"wp:attachment":[{"href":"https:\/\/wgphoto.pl\/t\/index.php?rest_route=%2Fwp%2Fv2%2Fmedia&parent=21177"}],"wp:term":[{"taxonomy":"category","embeddable":true,"href":"https:\/\/wgphoto.pl\/t\/index.php?rest_route=%2Fwp%2Fv2%2Fcategories&post=21177"},{"taxonomy":"post_tag","embeddable":true,"href":"https:\/\/wgphoto.pl\/t\/index.php?rest_route=%2Fwp%2Fv2%2Ftags&post=21177"}],"curies":[{"name":"wp","href":"https:\/\/api.w.org\/{rel}","templated":true}]}}