{"id":21180,"date":"2025-07-30T00:54:57","date_gmt":"2025-07-29T22:54:57","guid":{"rendered":"https:\/\/wgphoto.pl\/t\/?p=21180"},"modified":"2025-07-30T00:54:57","modified_gmt":"2025-07-29T22:54:57","slug":"czajnik-z-jelcza","status":"publish","type":"post","link":"https:\/\/wgphoto.pl\/t\/?p=21180","title":{"rendered":"Czajnik z Jelcza"},"content":{"rendered":"\n<figure class=\"wp-block-image aligncenter size-full\"><img loading=\"lazy\" decoding=\"async\" width=\"1300\" height=\"862\" src=\"https:\/\/wgphoto.pl\/t\/wp-content\/uploads\/2025\/07\/0711-01.jpg\" alt=\"\" class=\"wp-image-21181\" srcset=\"https:\/\/wgphoto.pl\/t\/wp-content\/uploads\/2025\/07\/0711-01.jpg 1300w, https:\/\/wgphoto.pl\/t\/wp-content\/uploads\/2025\/07\/0711-01-300x199.jpg 300w, https:\/\/wgphoto.pl\/t\/wp-content\/uploads\/2025\/07\/0711-01-768x509.jpg 768w\" sizes=\"auto, (max-width: 1300px) 100vw, 1300px\" \/><\/figure>\n\n\n\n<div class=\"wp-block-group has-global-padding is-layout-constrained wp-block-group-is-layout-constrained\">\n<p>TKt48-18 z poci\u0105giem specjalnym z Jelcza-Laskowic. Wroc\u0142aw G\u0142\u00f3wny, 13.05.2007<\/p>\n<\/div>\n","protected":false},"excerpt":{"rendered":"<p>TKt48-18 z poci\u0105giem specjalnym z Jelcza-Laskowic. Wroc\u0142aw G\u0142\u00f3wny, 13.05.2007<\/p>\n","protected":false},"author":1,"featured_media":21181,"comment_status":"open","ping_status":"","sticky":false,"template":"","format":"standard","meta":{"footnotes":""},"categories":[62,2,96],"tags":[4391,4295,179,358,63,27,139,2179,3014,41,180],"class_list":["post-21180","post","type-post","status-publish","format-standard","has-post-thumbnail","hentry","category-analog","category-kolej","category-rok-2007","tag-2007-05-13","tag-analog","tag-hala-peronowa","tag-parowoz","tag-pkp","tag-polska","tag-retro","tag-tab-pl215","tag-tkt48","tag-wroclaw","tag-wroclaw-glowny"],"_links":{"self":[{"href":"https:\/\/wgphoto.pl\/t\/index.php?rest_route=\/wp\/v2\/posts\/21180","targetHints":{"allow":["GET"]}}],"collection":[{"href":"https:\/\/wgphoto.pl\/t\/index.php?rest_route=\/wp\/v2\/posts"}],"about":[{"href":"https:\/\/wgphoto.pl\/t\/index.php?rest_route=\/wp\/v2\/types\/post"}],"author":[{"embeddable":true,"href":"https:\/\/wgphoto.pl\/t\/index.php?rest_route=\/wp\/v2\/users\/1"}],"replies":[{"embeddable":true,"href":"https:\/\/wgphoto.pl\/t\/index.php?rest_route=%2Fwp%2Fv2%2Fcomments&post=21180"}],"version-history":[{"count":1,"href":"https:\/\/wgphoto.pl\/t\/index.php?rest_route=\/wp\/v2\/posts\/21180\/revisions"}],"predecessor-version":[{"id":21182,"href":"https:\/\/wgphoto.pl\/t\/index.php?rest_route=\/wp\/v2\/posts\/21180\/revisions\/21182"}],"wp:featuredmedia":[{"embeddable":true,"href":"https:\/\/wgphoto.pl\/t\/index.php?rest_route=\/wp\/v2\/media\/21181"}],"wp:attachment":[{"href":"https:\/\/wgphoto.pl\/t\/index.php?rest_route=%2Fwp%2Fv2%2Fmedia&parent=21180"}],"wp:term":[{"taxonomy":"category","embeddable":true,"href":"https:\/\/wgphoto.pl\/t\/index.php?rest_route=%2Fwp%2Fv2%2Fcategories&post=21180"},{"taxonomy":"post_tag","embeddable":true,"href":"https:\/\/wgphoto.pl\/t\/index.php?rest_route=%2Fwp%2Fv2%2Ftags&post=21180"}],"curies":[{"name":"wp","href":"https:\/\/api.w.org\/{rel}","templated":true}]}}