{"id":21198,"date":"2025-07-30T01:05:34","date_gmt":"2025-07-29T23:05:34","guid":{"rendered":"https:\/\/wgphoto.pl\/t\/?p=21198"},"modified":"2025-07-30T01:05:34","modified_gmt":"2025-07-29T23:05:34","slug":"eu11-020","status":"publish","type":"post","link":"https:\/\/wgphoto.pl\/t\/?p=21198","title":{"rendered":"EU11-020"},"content":{"rendered":"\n<figure class=\"wp-block-image aligncenter size-full\"><img loading=\"lazy\" decoding=\"async\" width=\"1300\" height=\"861\" src=\"https:\/\/wgphoto.pl\/t\/wp-content\/uploads\/2025\/07\/2001j-20_rsn.jpg\" alt=\"\" class=\"wp-image-21199\" srcset=\"https:\/\/wgphoto.pl\/t\/wp-content\/uploads\/2025\/07\/2001j-20_rsn.jpg 1300w, https:\/\/wgphoto.pl\/t\/wp-content\/uploads\/2025\/07\/2001j-20_rsn-300x199.jpg 300w, https:\/\/wgphoto.pl\/t\/wp-content\/uploads\/2025\/07\/2001j-20_rsn-768x509.jpg 768w\" sizes=\"auto, (max-width: 1300px) 100vw, 1300px\" \/><\/figure>\n\n\n\n<div class=\"wp-block-group has-global-padding is-layout-constrained wp-block-group-is-layout-constrained\">\n<p>EU11-020 wraz z EU07-189 na czele poci\u0105gu pospiesznego 61111 &#8222;Mamry&#8221; z Wroc\u0142awia G\u0142. do E\u0142ku mijaj\u0105 Podg Grabiszyn. To by\u0142 jedyny raz, kiedy trafi\u0142em EU11 jad\u0105c\u0105 na testy w kierunku Poznania, by\u0107 mo\u017ce do \u017bmigrodu. 23.05.2001<\/p>\n<\/div>\n","protected":false},"excerpt":{"rendered":"<p>EU11-020 wraz z EU07-189 na czele poci\u0105gu pospiesznego 61111 &#8222;Mamry&#8221; z Wroc\u0142awia G\u0142. do E\u0142ku mijaj\u0105 Podg Grabiszyn. To by\u0142 jedyny raz, kiedy trafi\u0142em EU11 jad\u0105c\u0105 na testy w kierunku Poznania, by\u0107 mo\u017ce do \u017bmigrodu. 23.05.2001<\/p>\n","protected":false},"author":1,"featured_media":21199,"comment_status":"open","ping_status":"","sticky":false,"template":"","format":"standard","meta":{"footnotes":""},"categories":[62,2,940],"tags":[4393,988,63,1544,27,190,41],"class_list":["post-21198","post","type-post","status-publish","format-standard","has-post-thumbnail","hentry","category-analog","category-kolej","category-rok-2001","tag-2001-05-23","tag-eu11","tag-pkp","tag-podg-grabiszyn","tag-polska","tag-tab-pl330","tag-wroclaw"],"_links":{"self":[{"href":"https:\/\/wgphoto.pl\/t\/index.php?rest_route=\/wp\/v2\/posts\/21198","targetHints":{"allow":["GET"]}}],"collection":[{"href":"https:\/\/wgphoto.pl\/t\/index.php?rest_route=\/wp\/v2\/posts"}],"about":[{"href":"https:\/\/wgphoto.pl\/t\/index.php?rest_route=\/wp\/v2\/types\/post"}],"author":[{"embeddable":true,"href":"https:\/\/wgphoto.pl\/t\/index.php?rest_route=\/wp\/v2\/users\/1"}],"replies":[{"embeddable":true,"href":"https:\/\/wgphoto.pl\/t\/index.php?rest_route=%2Fwp%2Fv2%2Fcomments&post=21198"}],"version-history":[{"count":1,"href":"https:\/\/wgphoto.pl\/t\/index.php?rest_route=\/wp\/v2\/posts\/21198\/revisions"}],"predecessor-version":[{"id":21200,"href":"https:\/\/wgphoto.pl\/t\/index.php?rest_route=\/wp\/v2\/posts\/21198\/revisions\/21200"}],"wp:featuredmedia":[{"embeddable":true,"href":"https:\/\/wgphoto.pl\/t\/index.php?rest_route=\/wp\/v2\/media\/21199"}],"wp:attachment":[{"href":"https:\/\/wgphoto.pl\/t\/index.php?rest_route=%2Fwp%2Fv2%2Fmedia&parent=21198"}],"wp:term":[{"taxonomy":"category","embeddable":true,"href":"https:\/\/wgphoto.pl\/t\/index.php?rest_route=%2Fwp%2Fv2%2Fcategories&post=21198"},{"taxonomy":"post_tag","embeddable":true,"href":"https:\/\/wgphoto.pl\/t\/index.php?rest_route=%2Fwp%2Fv2%2Ftags&post=21198"}],"curies":[{"name":"wp","href":"https:\/\/api.w.org\/{rel}","templated":true}]}}