{"id":21209,"date":"2025-07-30T01:09:18","date_gmt":"2025-07-29T23:09:18","guid":{"rendered":"https:\/\/wgphoto.pl\/t\/?p=21209"},"modified":"2025-07-30T01:09:18","modified_gmt":"2025-07-29T23:09:18","slug":"huta-katowice-2","status":"publish","type":"post","link":"https:\/\/wgphoto.pl\/t\/?p=21209","title":{"rendered":"Huta Katowice"},"content":{"rendered":"\n<figure class=\"wp-block-image aligncenter size-full\"><img loading=\"lazy\" decoding=\"async\" width=\"1000\" height=\"1000\" src=\"https:\/\/wgphoto.pl\/t\/wp-content\/uploads\/2025\/07\/IMGP2353.jpg\" alt=\"\" class=\"wp-image-21210\" srcset=\"https:\/\/wgphoto.pl\/t\/wp-content\/uploads\/2025\/07\/IMGP2353.jpg 1000w, https:\/\/wgphoto.pl\/t\/wp-content\/uploads\/2025\/07\/IMGP2353-300x300.jpg 300w, https:\/\/wgphoto.pl\/t\/wp-content\/uploads\/2025\/07\/IMGP2353-150x150.jpg 150w, https:\/\/wgphoto.pl\/t\/wp-content\/uploads\/2025\/07\/IMGP2353-768x768.jpg 768w\" sizes=\"auto, (max-width: 1000px) 100vw, 1000px\" \/><\/figure>\n\n\n\n<div class=\"wp-block-group has-global-padding is-layout-constrained wp-block-group-is-layout-constrained\">\n<p>D\u0105browa G\u00f3rnicza-Tworze\u0144, al. J\u00f3zefa Pi\u0142sudskiego. &#8222;\u017belazko&#8221; 105N-2K 761 zostawia za sob\u0105 Hut\u0119 Katowice wraz z wielkim piecem. 04.05.2021<\/p>\n<\/div>\n","protected":false},"excerpt":{"rendered":"<p>D\u0105browa G\u00f3rnicza-Tworze\u0144, al. J\u00f3zefa Pi\u0142sudskiego. &#8222;\u017belazko&#8221; 105N-2K 761 zostawia za sob\u0105 Hut\u0119 Katowice wraz z wielkim piecem. 04.05.2021<\/p>\n","protected":false},"author":1,"featured_media":21210,"comment_status":"open","ping_status":"","sticky":false,"template":"","format":"standard","meta":{"footnotes":""},"categories":[681,3],"tags":[155,4020,1676,277,303,27,279],"class_list":["post-21209","post","type-post","status-publish","format-standard","has-post-thumbnail","hentry","category-rok-2021","category-tramwaj","tag-105na","tag-2021-05-04","tag-dabrowa-gornicza","tag-gop","tag-industrial","tag-polska","tag-tramwaje-slaskie"],"_links":{"self":[{"href":"https:\/\/wgphoto.pl\/t\/index.php?rest_route=\/wp\/v2\/posts\/21209","targetHints":{"allow":["GET"]}}],"collection":[{"href":"https:\/\/wgphoto.pl\/t\/index.php?rest_route=\/wp\/v2\/posts"}],"about":[{"href":"https:\/\/wgphoto.pl\/t\/index.php?rest_route=\/wp\/v2\/types\/post"}],"author":[{"embeddable":true,"href":"https:\/\/wgphoto.pl\/t\/index.php?rest_route=\/wp\/v2\/users\/1"}],"replies":[{"embeddable":true,"href":"https:\/\/wgphoto.pl\/t\/index.php?rest_route=%2Fwp%2Fv2%2Fcomments&post=21209"}],"version-history":[{"count":1,"href":"https:\/\/wgphoto.pl\/t\/index.php?rest_route=\/wp\/v2\/posts\/21209\/revisions"}],"predecessor-version":[{"id":21211,"href":"https:\/\/wgphoto.pl\/t\/index.php?rest_route=\/wp\/v2\/posts\/21209\/revisions\/21211"}],"wp:featuredmedia":[{"embeddable":true,"href":"https:\/\/wgphoto.pl\/t\/index.php?rest_route=\/wp\/v2\/media\/21210"}],"wp:attachment":[{"href":"https:\/\/wgphoto.pl\/t\/index.php?rest_route=%2Fwp%2Fv2%2Fmedia&parent=21209"}],"wp:term":[{"taxonomy":"category","embeddable":true,"href":"https:\/\/wgphoto.pl\/t\/index.php?rest_route=%2Fwp%2Fv2%2Fcategories&post=21209"},{"taxonomy":"post_tag","embeddable":true,"href":"https:\/\/wgphoto.pl\/t\/index.php?rest_route=%2Fwp%2Fv2%2Ftags&post=21209"}],"curies":[{"name":"wp","href":"https:\/\/api.w.org\/{rel}","templated":true}]}}