{"id":21212,"date":"2025-07-30T01:10:19","date_gmt":"2025-07-29T23:10:19","guid":{"rendered":"https:\/\/wgphoto.pl\/t\/?p=21212"},"modified":"2025-07-30T01:10:34","modified_gmt":"2025-07-29T23:10:34","slug":"dolni-lhota","status":"publish","type":"post","link":"https:\/\/wgphoto.pl\/t\/?p=21212","title":{"rendered":"Doln\u00ed Lhota"},"content":{"rendered":"\n<figure class=\"wp-block-image aligncenter size-full\"><img loading=\"lazy\" decoding=\"async\" width=\"1300\" height=\"861\" src=\"https:\/\/wgphoto.pl\/t\/wp-content\/uploads\/2025\/07\/IMGP7175.jpg\" alt=\"\" class=\"wp-image-21213\" style=\"object-fit:cover\" srcset=\"https:\/\/wgphoto.pl\/t\/wp-content\/uploads\/2025\/07\/IMGP7175.jpg 1300w, https:\/\/wgphoto.pl\/t\/wp-content\/uploads\/2025\/07\/IMGP7175-300x199.jpg 300w, https:\/\/wgphoto.pl\/t\/wp-content\/uploads\/2025\/07\/IMGP7175-768x509.jpg 768w\" sizes=\"auto, (max-width: 1300px) 100vw, 1300px\" \/><\/figure>\n\n\n\n<div class=\"wp-block-group has-global-padding is-layout-constrained wp-block-group-is-layout-constrained\">\n<p>Doln\u00ed Lhota, Kyjovick\u00e1 ul. Vario LF2R.S 1402 jako podmiejska pi\u0105tka wjecha\u0142a do wioski Doln\u00ed Lhota i zbli\u017ca si\u0119 do skrzy\u017cowania z ulic\u0105 \u010ceskoslovensk\u00fdch tankist\u016f, o kt\u00f3rej m\u00f3g\u0142bym nie wspomina\u0107, ale nazwa sama si\u0119 o to prosi. 01.05.2022<\/p>\n<\/div>\n","protected":false},"excerpt":{"rendered":"<p>Doln\u00ed Lhota, Kyjovick\u00e1 ul. Vario LF2R.S 1402 jako podmiejska pi\u0105tka wjecha\u0142a do wioski Doln\u00ed Lhota i zbli\u017ca si\u0119 do skrzy\u017cowania z ulic\u0105 \u010ceskoslovensk\u00fdch tankist\u016f, o kt\u00f3rej m\u00f3g\u0142bym nie wspomina\u0107, ale nazwa sama si\u0119 o to prosi. 01.05.2022<\/p>\n","protected":false},"author":1,"featured_media":21213,"comment_status":"open","ping_status":"","sticky":false,"template":"","format":"standard","meta":{"footnotes":""},"categories":[669,3],"tags":[4007,49,899,674,897,118,561,1243,294],"class_list":["post-21212","post","type-post","status-publish","format-standard","has-post-thumbnail","hentry","category-rok-2022","category-tramwaj","tag-2022-05-01","tag-czechy","tag-dp-ostrava","tag-majowka-2022-hej","tag-ostrawa","tag-plany-i-profile","tag-tramwaj-podmiejski","tag-vario-lf","tag-wiosna"],"_links":{"self":[{"href":"https:\/\/wgphoto.pl\/t\/index.php?rest_route=\/wp\/v2\/posts\/21212","targetHints":{"allow":["GET"]}}],"collection":[{"href":"https:\/\/wgphoto.pl\/t\/index.php?rest_route=\/wp\/v2\/posts"}],"about":[{"href":"https:\/\/wgphoto.pl\/t\/index.php?rest_route=\/wp\/v2\/types\/post"}],"author":[{"embeddable":true,"href":"https:\/\/wgphoto.pl\/t\/index.php?rest_route=\/wp\/v2\/users\/1"}],"replies":[{"embeddable":true,"href":"https:\/\/wgphoto.pl\/t\/index.php?rest_route=%2Fwp%2Fv2%2Fcomments&post=21212"}],"version-history":[{"count":2,"href":"https:\/\/wgphoto.pl\/t\/index.php?rest_route=\/wp\/v2\/posts\/21212\/revisions"}],"predecessor-version":[{"id":21215,"href":"https:\/\/wgphoto.pl\/t\/index.php?rest_route=\/wp\/v2\/posts\/21212\/revisions\/21215"}],"wp:featuredmedia":[{"embeddable":true,"href":"https:\/\/wgphoto.pl\/t\/index.php?rest_route=\/wp\/v2\/media\/21213"}],"wp:attachment":[{"href":"https:\/\/wgphoto.pl\/t\/index.php?rest_route=%2Fwp%2Fv2%2Fmedia&parent=21212"}],"wp:term":[{"taxonomy":"category","embeddable":true,"href":"https:\/\/wgphoto.pl\/t\/index.php?rest_route=%2Fwp%2Fv2%2Fcategories&post=21212"},{"taxonomy":"post_tag","embeddable":true,"href":"https:\/\/wgphoto.pl\/t\/index.php?rest_route=%2Fwp%2Fv2%2Ftags&post=21212"}],"curies":[{"name":"wp","href":"https:\/\/api.w.org\/{rel}","templated":true}]}}