{"id":21216,"date":"2025-07-30T01:11:56","date_gmt":"2025-07-29T23:11:56","guid":{"rendered":"https:\/\/wgphoto.pl\/t\/?p=21216"},"modified":"2025-07-30T01:11:56","modified_gmt":"2025-07-29T23:11:56","slug":"witamy-olsztyn","status":"publish","type":"post","link":"https:\/\/wgphoto.pl\/t\/?p=21216","title":{"rendered":"Witamy Olsztyn"},"content":{"rendered":"\n<figure class=\"wp-block-image aligncenter size-full\"><img loading=\"lazy\" decoding=\"async\" width=\"1300\" height=\"861\" src=\"https:\/\/wgphoto.pl\/t\/wp-content\/uploads\/2025\/07\/IMGP2165.jpg\" alt=\"\" class=\"wp-image-21217\" srcset=\"https:\/\/wgphoto.pl\/t\/wp-content\/uploads\/2025\/07\/IMGP2165.jpg 1300w, https:\/\/wgphoto.pl\/t\/wp-content\/uploads\/2025\/07\/IMGP2165-300x199.jpg 300w, https:\/\/wgphoto.pl\/t\/wp-content\/uploads\/2025\/07\/IMGP2165-768x509.jpg 768w\" sizes=\"auto, (max-width: 1300px) 100vw, 1300px\" \/><\/figure>\n\n\n\n<div class=\"wp-block-group has-global-padding is-layout-constrained wp-block-group-is-layout-constrained\">\n<p>Olsztyn, ul. Tadeusza Ko\u015bciuszki, Solaris Tramino 3006 jedzie w kierunku dworca. To pierwsze foto przedstawiaj\u0105ce odwa\u017cn\u0105 inwestycj\u0119, jak\u0105 by\u0142a (od)budowa sieci tramwajowej w tym warmi\u0144skim mie\u015bcie. Pierwsze tramwaje ruszy\u0142y w 2015 roku, za\u015b 8 lat p\u00f3\u017aniej, po drugim etapie rozbudowy, sie\u0107 liczy ju\u017c 16 km. 24.04.2021<\/p>\n<\/div>\n","protected":false},"excerpt":{"rendered":"<p>Olsztyn, ul. Tadeusza Ko\u015bciuszki, Solaris Tramino 3006 jedzie w kierunku dworca. To pierwsze foto przedstawiaj\u0105ce odwa\u017cn\u0105 inwestycj\u0119, jak\u0105 by\u0142a (od)budowa sieci tramwajowej w tym warmi\u0144skim mie\u015bcie. Pierwsze tramwaje ruszy\u0142y w 2015 roku, za\u015b 8 lat p\u00f3\u017aniej, po drugim etapie rozbudowy, sie\u0107 liczy ju\u017c 16 km. 24.04.2021<\/p>\n","protected":false},"author":1,"featured_media":21217,"comment_status":"open","ping_status":"","sticky":false,"template":"","format":"standard","meta":{"footnotes":""},"categories":[681,3],"tags":[2396,34,4396,3918,27,237],"class_list":["post-21216","post","type-post","status-publish","format-standard","has-post-thumbnail","hentry","category-rok-2021","category-tramwaj","tag-2021-04-24","tag-architektura","tag-mpk-olsztyn","tag-olsztyn","tag-polska","tag-solaris-tramino"],"_links":{"self":[{"href":"https:\/\/wgphoto.pl\/t\/index.php?rest_route=\/wp\/v2\/posts\/21216","targetHints":{"allow":["GET"]}}],"collection":[{"href":"https:\/\/wgphoto.pl\/t\/index.php?rest_route=\/wp\/v2\/posts"}],"about":[{"href":"https:\/\/wgphoto.pl\/t\/index.php?rest_route=\/wp\/v2\/types\/post"}],"author":[{"embeddable":true,"href":"https:\/\/wgphoto.pl\/t\/index.php?rest_route=\/wp\/v2\/users\/1"}],"replies":[{"embeddable":true,"href":"https:\/\/wgphoto.pl\/t\/index.php?rest_route=%2Fwp%2Fv2%2Fcomments&post=21216"}],"version-history":[{"count":1,"href":"https:\/\/wgphoto.pl\/t\/index.php?rest_route=\/wp\/v2\/posts\/21216\/revisions"}],"predecessor-version":[{"id":21218,"href":"https:\/\/wgphoto.pl\/t\/index.php?rest_route=\/wp\/v2\/posts\/21216\/revisions\/21218"}],"wp:featuredmedia":[{"embeddable":true,"href":"https:\/\/wgphoto.pl\/t\/index.php?rest_route=\/wp\/v2\/media\/21217"}],"wp:attachment":[{"href":"https:\/\/wgphoto.pl\/t\/index.php?rest_route=%2Fwp%2Fv2%2Fmedia&parent=21216"}],"wp:term":[{"taxonomy":"category","embeddable":true,"href":"https:\/\/wgphoto.pl\/t\/index.php?rest_route=%2Fwp%2Fv2%2Fcategories&post=21216"},{"taxonomy":"post_tag","embeddable":true,"href":"https:\/\/wgphoto.pl\/t\/index.php?rest_route=%2Fwp%2Fv2%2Ftags&post=21216"}],"curies":[{"name":"wp","href":"https:\/\/api.w.org\/{rel}","templated":true}]}}