{"id":21219,"date":"2025-07-30T01:12:53","date_gmt":"2025-07-29T23:12:53","guid":{"rendered":"https:\/\/wgphoto.pl\/t\/?p=21219"},"modified":"2025-07-30T01:12:53","modified_gmt":"2025-07-29T23:12:53","slug":"tramwaj-w-domu-i-zagrodzie","status":"publish","type":"post","link":"https:\/\/wgphoto.pl\/t\/?p=21219","title":{"rendered":"Tramwaj w domu i zagrodzie"},"content":{"rendered":"\n<figure class=\"wp-block-image aligncenter size-full\"><img loading=\"lazy\" decoding=\"async\" width=\"1300\" height=\"861\" src=\"https:\/\/wgphoto.pl\/t\/wp-content\/uploads\/2025\/07\/IMGP2178.jpg\" alt=\"\" class=\"wp-image-21220\" srcset=\"https:\/\/wgphoto.pl\/t\/wp-content\/uploads\/2025\/07\/IMGP2178.jpg 1300w, https:\/\/wgphoto.pl\/t\/wp-content\/uploads\/2025\/07\/IMGP2178-300x199.jpg 300w, https:\/\/wgphoto.pl\/t\/wp-content\/uploads\/2025\/07\/IMGP2178-768x509.jpg 768w\" sizes=\"auto, (max-width: 1300px) 100vw, 1300px\" \/><\/figure>\n\n\n\n<div class=\"wp-block-group has-global-padding is-layout-constrained wp-block-group-is-layout-constrained\">\n<p>Olsztyn, ul. Tadeusza P\u0142oskiego, Tramino 3008 w drodze do kra\u0144ca na osiedlu Jaroty. Wszystkie tramwaje w mie\u015bcie s\u0105 dwukierunkowe, gdy\u017c wszystkie kra\u0144ce pozbawione s\u0105 p\u0119tli. 24.04.2021<\/p>\n<\/div>\n","protected":false},"excerpt":{"rendered":"<p>Olsztyn, ul. Tadeusza P\u0142oskiego, Tramino 3008 w drodze do kra\u0144ca na osiedlu Jaroty. Wszystkie tramwaje w mie\u015bcie s\u0105 dwukierunkowe, gdy\u017c wszystkie kra\u0144ce pozbawione s\u0105 p\u0119tli. 24.04.2021<\/p>\n","protected":false},"author":1,"featured_media":21220,"comment_status":"open","ping_status":"","sticky":false,"template":"","format":"standard","meta":{"footnotes":""},"categories":[681,3],"tags":[2396,4396,3918,27,237],"class_list":["post-21219","post","type-post","status-publish","format-standard","has-post-thumbnail","hentry","category-rok-2021","category-tramwaj","tag-2021-04-24","tag-mpk-olsztyn","tag-olsztyn","tag-polska","tag-solaris-tramino"],"_links":{"self":[{"href":"https:\/\/wgphoto.pl\/t\/index.php?rest_route=\/wp\/v2\/posts\/21219","targetHints":{"allow":["GET"]}}],"collection":[{"href":"https:\/\/wgphoto.pl\/t\/index.php?rest_route=\/wp\/v2\/posts"}],"about":[{"href":"https:\/\/wgphoto.pl\/t\/index.php?rest_route=\/wp\/v2\/types\/post"}],"author":[{"embeddable":true,"href":"https:\/\/wgphoto.pl\/t\/index.php?rest_route=\/wp\/v2\/users\/1"}],"replies":[{"embeddable":true,"href":"https:\/\/wgphoto.pl\/t\/index.php?rest_route=%2Fwp%2Fv2%2Fcomments&post=21219"}],"version-history":[{"count":1,"href":"https:\/\/wgphoto.pl\/t\/index.php?rest_route=\/wp\/v2\/posts\/21219\/revisions"}],"predecessor-version":[{"id":21221,"href":"https:\/\/wgphoto.pl\/t\/index.php?rest_route=\/wp\/v2\/posts\/21219\/revisions\/21221"}],"wp:featuredmedia":[{"embeddable":true,"href":"https:\/\/wgphoto.pl\/t\/index.php?rest_route=\/wp\/v2\/media\/21220"}],"wp:attachment":[{"href":"https:\/\/wgphoto.pl\/t\/index.php?rest_route=%2Fwp%2Fv2%2Fmedia&parent=21219"}],"wp:term":[{"taxonomy":"category","embeddable":true,"href":"https:\/\/wgphoto.pl\/t\/index.php?rest_route=%2Fwp%2Fv2%2Fcategories&post=21219"},{"taxonomy":"post_tag","embeddable":true,"href":"https:\/\/wgphoto.pl\/t\/index.php?rest_route=%2Fwp%2Fv2%2Ftags&post=21219"}],"curies":[{"name":"wp","href":"https:\/\/api.w.org\/{rel}","templated":true}]}}